{"id":69955,"date":"2021-01-04T16:48:23","date_gmt":"2021-01-04T19:48:23","guid":{"rendered":"https:\/\/tvtecjundiai.com.br\/news\/?p=69955"},"modified":"2021-01-05T08:37:27","modified_gmt":"2021-01-05T11:37:27","slug":"prefeito-reeleito-de-jundiai-discute-acoes-de-governo-para-2021","status":"publish","type":"post","link":"https:\/\/tvtecjundiai.com.br\/news\/2021\/01\/04\/prefeito-reeleito-de-jundiai-discute-acoes-de-governo-para-2021\/","title":{"rendered":"Prefeito reeleito de Jundia\u00ed discute a\u00e7\u00f5es de governo para 2021"},"content":{"rendered":"\n<p>O prefeito reeleito de Jundia\u00ed, Luiz Fernando Machado, iniciou o primeiro dia \u00fatil de 2021 com atividades de din\u00e2mica de governo e planejamento das principais a\u00e7\u00f5es para o munic\u00edpio.<\/p>\n\n\n\n<div class=\"wp-block-image is-style-default\"><figure class=\"alignright size-large is-resized\"><a href=\"https:\/\/tvtecjundiai.com.br\/news\/wp-content\/uploads\/sites\/2\/2021\/01\/WhatsApp-Image-2021-01-04-at-16.41.13.jpeg\"><img loading=\"lazy\" decoding=\"async\" src=\"https:\/\/tvtecjundiai.com.br\/news\/wp-content\/uploads\/sites\/2\/2021\/01\/WhatsApp-Image-2021-01-04-at-16.41.13-1200x900.jpeg\" alt=\"\" class=\"wp-image-69959\" width=\"345\" height=\"259\" srcset=\"https:\/\/tvtecjundiai.com.br\/news\/wp-content\/uploads\/sites\/2\/2021\/01\/WhatsApp-Image-2021-01-04-at-16.41.13-1200x900.jpeg 1200w, https:\/\/tvtecjundiai.com.br\/news\/wp-content\/uploads\/sites\/2\/2021\/01\/WhatsApp-Image-2021-01-04-at-16.41.13-300x225.jpeg 300w, https:\/\/tvtecjundiai.com.br\/news\/wp-content\/uploads\/sites\/2\/2021\/01\/WhatsApp-Image-2021-01-04-at-16.41.13-768x576.jpeg 768w, https:\/\/tvtecjundiai.com.br\/news\/wp-content\/uploads\/sites\/2\/2021\/01\/WhatsApp-Image-2021-01-04-at-16.41.13.jpeg 1280w\" sizes=\"auto, (max-width: 345px) 100vw, 345px\" \/><\/a><figcaption>Luiz Fernando Machado, iniciou o primeiro dia \u00fatil com atividades de din\u00e2mica de governo<\/figcaption><\/figure><\/div>\n\n\n\n<p>Um dos compromissos desta segunda-feira (04), foi uma reuni\u00e3o de alinhamento com alguns gestores. Dentre eles estavam a gestora de Educa\u00e7\u00e3o, Vasti Ferrari Marques, o gestor da Casa Civil, Gustavo Maryssael e o gestor de Governo e Finan\u00e7as, Jos\u00e9 Ant\u00f4nio Parimoschi. <\/p>\n\n\n\n<p>De acordo com o prefeito, os gestores est\u00e3o a postos para estabelecer estrat\u00e9gias que envolvem o in\u00edcio de janeiro, assim como o enfrentamento ao Coronav\u00edrus  e contrata\u00e7\u00e3o de profissionais para uma eventual demanda da pandemia na cidade. Outros assuntos foram discutidos durante a reuni\u00e3o. &#8220;Este primeiro dia de trabalho envolve discuss\u00f5es de curto prazo, assim como o planejamento de um governo satisfat\u00f3rio para as necessidades da popula\u00e7\u00e3o&#8221;, declarou. <\/p>\n\n\n\n<p>Ao longo da semana, a agenda permanece em ritmo intenso com o objetivo de potencializar as a\u00e7\u00f5es priorit\u00e1rias dos pr\u00f3ximos meses. <\/p>\n\n\n\n<p>Confira a mat\u00e9ria que a equipe de jornalismo da TVTEC Jundia\u00ed preparou:<\/p>\n\n\n\n<figure class=\"wp-block-embed is-type-rich is-provider-incorporar-manipulador wp-block-embed-incorporar-manipulador wp-embed-aspect-16-9 wp-has-aspect-ratio\"><div class=\"wp-block-embed__wrapper\">\n<iframe loading=\"lazy\" title=\"Prefeito reeleito de Jundia\u00ed discute a\u00e7\u00f5es de governo para 2021\" width=\"500\" height=\"281\" src=\"https:\/\/www.youtube.com\/embed\/69ny3UZDKA0?feature=oembed\" frameborder=\"0\" allow=\"accelerometer; autoplay; clipboard-write; encrypted-media; gyroscope; picture-in-picture; web-share\" referrerpolicy=\"strict-origin-when-cross-origin\" allowfullscreen><\/iframe>\n<\/div><\/figure>\n\n\n\n<p><em>(Fonte\/Foto: Equipe TVTEC Jundia\u00ed)<\/em><\/p>\n","protected":false},"excerpt":{"rendered":"<p>Luiz Fernando Machado, iniciou o primeiro dia \u00fatil com atividades de din\u00e2mica de governo<\/p>\n","protected":false},"author":14,"featured_media":69957,"comment_status":"closed","ping_status":"closed","sticky":false,"template":"","format":"standard","meta":{"footnotes":""},"categories":[29,2828,1,2826],"tags":[8256,8255,5],"class_list":["post-69955","post","type-post","status-publish","format-standard","has-post-thumbnail","hentry","category-destaque","category-educacao","category-noticias","category-politica","tag-acoes-para-jundiai","tag-governo-2021","tag-jundiai"],"_links":{"self":[{"href":"https:\/\/tvtecjundiai.com.br\/news\/wp-json\/wp\/v2\/posts\/69955","targetHints":{"allow":["GET"]}}],"collection":[{"href":"https:\/\/tvtecjundiai.com.br\/news\/wp-json\/wp\/v2\/posts"}],"about":[{"href":"https:\/\/tvtecjundiai.com.br\/news\/wp-json\/wp\/v2\/types\/post"}],"author":[{"embeddable":true,"href":"https:\/\/tvtecjundiai.com.br\/news\/wp-json\/wp\/v2\/users\/14"}],"replies":[{"embeddable":true,"href":"https:\/\/tvtecjundiai.com.br\/news\/wp-json\/wp\/v2\/comments?post=69955"}],"version-history":[{"count":6,"href":"https:\/\/tvtecjundiai.com.br\/news\/wp-json\/wp\/v2\/posts\/69955\/revisions"}],"predecessor-version":[{"id":69971,"href":"https:\/\/tvtecjundiai.com.br\/news\/wp-json\/wp\/v2\/posts\/69955\/revisions\/69971"}],"wp:featuredmedia":[{"embeddable":true,"href":"https:\/\/tvtecjundiai.com.br\/news\/wp-json\/wp\/v2\/media\/69957"}],"wp:attachment":[{"href":"https:\/\/tvtecjundiai.com.br\/news\/wp-json\/wp\/v2\/media?parent=69955"}],"wp:term":[{"taxonomy":"category","embeddable":true,"href":"https:\/\/tvtecjundiai.com.br\/news\/wp-json\/wp\/v2\/categories?post=69955"},{"taxonomy":"post_tag","embeddable":true,"href":"https:\/\/tvtecjundiai.com.br\/news\/wp-json\/wp\/v2\/tags?post=69955"}],"curies":[{"name":"wp","href":"https:\/\/api.w.org\/{rel}","templated":true}]}}