{"id":69972,"date":"2021-01-05T09:31:19","date_gmt":"2021-01-05T12:31:19","guid":{"rendered":"https:\/\/tvtecjundiai.com.br\/news\/?p=69972"},"modified":"2021-01-05T09:31:46","modified_gmt":"2021-01-05T12:31:46","slug":"jundiai-esta-com-estrutura-pronta-para-vacinacao-contra-a-covid-19","status":"publish","type":"post","link":"https:\/\/tvtecjundiai.com.br\/news\/2021\/01\/05\/jundiai-esta-com-estrutura-pronta-para-vacinacao-contra-a-covid-19\/","title":{"rendered":"Jundia\u00ed est\u00e1 com estrutura pronta para vacina\u00e7\u00e3o contra a Covid-19"},"content":{"rendered":"\n<p>Em of\u00edcio enviado ao Governo do Estado de S\u00e3o Paulo e ao Instituto Butantan, a Prefeitura de Jundia\u00ed manifestou a capacidade do munic\u00edpio para o armazenamento e a distribui\u00e7\u00e3o das doses da vacina contra a Covid-19. T\u00e9cnicos da sa\u00fade elaboraram um Plano Municipal de Imuniza\u00e7\u00e3o que define as etapas e os grupos priorit\u00e1rios para o acesso \u00e0 vacina, por meio da rede SUS, ap\u00f3s o registro do imunizante pela Ag\u00eancia Nacional de Vigil\u00e2ncia Sanit\u00e1ria (Anvisa).<\/p>\n\n\n\n<div class=\"wp-block-image\"><figure class=\"alignright size-large is-resized\"><a href=\"https:\/\/tvtecjundiai.com.br\/news\/wp-content\/uploads\/sites\/2\/2021\/01\/vacinacao_sarampo_ubs_hortolandia-48-1.jpg\"><img loading=\"lazy\" decoding=\"async\" src=\"https:\/\/tvtecjundiai.com.br\/news\/wp-content\/uploads\/sites\/2\/2021\/01\/vacinacao_sarampo_ubs_hortolandia-48-1-1200x800.jpg\" alt=\"\" class=\"wp-image-69974\" width=\"359\" height=\"240\" srcset=\"https:\/\/tvtecjundiai.com.br\/news\/wp-content\/uploads\/sites\/2\/2021\/01\/vacinacao_sarampo_ubs_hortolandia-48-1-1200x800.jpg 1200w, https:\/\/tvtecjundiai.com.br\/news\/wp-content\/uploads\/sites\/2\/2021\/01\/vacinacao_sarampo_ubs_hortolandia-48-1-300x200.jpg 300w, https:\/\/tvtecjundiai.com.br\/news\/wp-content\/uploads\/sites\/2\/2021\/01\/vacinacao_sarampo_ubs_hortolandia-48-1-768x512.jpg 768w, https:\/\/tvtecjundiai.com.br\/news\/wp-content\/uploads\/sites\/2\/2021\/01\/vacinacao_sarampo_ubs_hortolandia-48-1.jpg 1280w\" sizes=\"auto, (max-width: 359px) 100vw, 359px\" \/><\/a><figcaption>Objetivo \u00e9 come\u00e7ar pelos profissionais da sa\u00fade e idosos com mais de 60 anos<\/figcaption><\/figure><\/div>\n\n\n\n<p>De forma antecipada, Jundia\u00ed investiu na renova\u00e7\u00e3o das c\u00e2meras de armazenamento de vacinas, infraestrutura da Rede de Aten\u00e7\u00e3o B\u00e1sica, o que inclui a aquisi\u00e7\u00e3o de seringas e agulhas, bem como na recomposi\u00e7\u00e3o e amplia\u00e7\u00e3o dos quadros de recursos humanos. \u201cJ\u00e1 servimos de exemplo de sucesso na estrat\u00e9gia da campanha vacina\u00e7\u00e3o contra Febre Amarela, entre 2017 e 2018. No caso da Covid, fizemos o planejamento com os dados referentes a cada territ\u00f3rio, como medida para acelerar a imuniza\u00e7\u00e3o t\u00e3o logo o imunobiol\u00f3gico seja aprovado pela Anvisa\u201d, destaca o prefeito Luiz Fernando Machado.<\/p>\n\n\n\n<p>A estrutura atual j\u00e1 disp\u00f5e de c\u00e2maras frias e freezers para o acondicionamento correto das vacinas que precisam ser conservadas em baix\u00edssima temperatura. Tamb\u00e9m est\u00e1 em andamento o processo de compra de 30 novas c\u00e2maras com autonomia de 48h em caso de falta de energia.<\/p>\n\n\n\n<p>Para a primeira fase do plano municipal de vacina\u00e7\u00e3o, Jundia\u00ed contabiliza 76 mil pessoas pertencentes aos grupos priorit\u00e1rios, o que demandaria pouco mais de 150 mil doses de vacinas. O objetivo do munic\u00edpio \u00e9 come\u00e7ar a imuniza\u00e7\u00e3o pelos profissionais de sa\u00fade e idosos com mais de 60 anos, em conformidade com o Plano Estadual de Imuniza\u00e7\u00e3o (PEI).<\/p>\n\n\n\n<p>Ainda de acordo com a estrat\u00e9gia municipal, a vacina\u00e7\u00e3o destes grupos dever\u00e1 ocorrer em cinco etapas, no per\u00edodo de 25 de janeiro a 22 de mar\u00e7o. \u201cNo momento vivenciado pela pandemia \u00e9 de extrema import\u00e2ncia que os munic\u00edpios paulistas iniciem a vacina\u00e7\u00e3o de acordo com o planejamento estadual. A vacina \u00e9 a forma mais eficiente de combate \u00e0 pandemia, de retomada da economia e de prote\u00e7\u00e3o para as popula\u00e7\u00f5es vulner\u00e1veis\u201d, argumenta Texera.<\/p>\n\n\n\n<p><em>(Fonte\/Foto: Prefeitura de Jundia\u00ed)<\/em><\/p>\n","protected":false},"excerpt":{"rendered":"<p>Objetivo \u00e9 come\u00e7ar pelos profissionais da sa\u00fade e idosos com mais de 60 anos<\/p>\n","protected":false},"author":14,"featured_media":69974,"comment_status":"closed","ping_status":"closed","sticky":false,"template":"","format":"standard","meta":{"footnotes":""},"categories":[29,1,2839],"tags":[6242,5,6511,104],"class_list":["post-69972","post","type-post","status-publish","format-standard","has-post-thumbnail","hentry","category-destaque","category-noticias","category-saude","tag-coronavirus","tag-jundiai","tag-pandemia","tag-vacina"],"_links":{"self":[{"href":"https:\/\/tvtecjundiai.com.br\/news\/wp-json\/wp\/v2\/posts\/69972","targetHints":{"allow":["GET"]}}],"collection":[{"href":"https:\/\/tvtecjundiai.com.br\/news\/wp-json\/wp\/v2\/posts"}],"about":[{"href":"https:\/\/tvtecjundiai.com.br\/news\/wp-json\/wp\/v2\/types\/post"}],"author":[{"embeddable":true,"href":"https:\/\/tvtecjundiai.com.br\/news\/wp-json\/wp\/v2\/users\/14"}],"replies":[{"embeddable":true,"href":"https:\/\/tvtecjundiai.com.br\/news\/wp-json\/wp\/v2\/comments?post=69972"}],"version-history":[{"count":2,"href":"https:\/\/tvtecjundiai.com.br\/news\/wp-json\/wp\/v2\/posts\/69972\/revisions"}],"predecessor-version":[{"id":69982,"href":"https:\/\/tvtecjundiai.com.br\/news\/wp-json\/wp\/v2\/posts\/69972\/revisions\/69982"}],"wp:featuredmedia":[{"embeddable":true,"href":"https:\/\/tvtecjundiai.com.br\/news\/wp-json\/wp\/v2\/media\/69974"}],"wp:attachment":[{"href":"https:\/\/tvtecjundiai.com.br\/news\/wp-json\/wp\/v2\/media?parent=69972"}],"wp:term":[{"taxonomy":"category","embeddable":true,"href":"https:\/\/tvtecjundiai.com.br\/news\/wp-json\/wp\/v2\/categories?post=69972"},{"taxonomy":"post_tag","embeddable":true,"href":"https:\/\/tvtecjundiai.com.br\/news\/wp-json\/wp\/v2\/tags?post=69972"}],"curies":[{"name":"wp","href":"https:\/\/api.w.org\/{rel}","templated":true}]}}