{"id":702,"date":"2017-09-16T17:24:08","date_gmt":"2017-09-16T20:24:08","guid":{"rendered":"https:\/\/tvtecjundiai.com.br\/news\/?p=702"},"modified":"2017-09-16T17:24:27","modified_gmt":"2017-09-16T20:24:27","slug":"esporte-20a-edicao-do-frete-reune-40-atletas-da-regiao","status":"publish","type":"post","link":"https:\/\/tvtecjundiai.com.br\/news\/2017\/09\/16\/esporte-20a-edicao-do-frete-reune-40-atletas-da-regiao\/","title":{"rendered":"Esporte: 20\u00aa edi\u00e7\u00e3o do FRETE re\u00fane 40 atletas da Regi\u00e3o"},"content":{"rendered":"<p>Nem o banho de mangueira esfriou a anima\u00e7\u00e3o dos atletas que participavam da 20\u00aa edi\u00e7\u00e3o do FRETE (Festival Regional Especial de T\u00eanis), evento que reuniu nas quadras de t\u00eanis do Bol\u00e3o aproximadamente 40 participantes com defici\u00eancia intelectual, vindos de Jundia\u00ed, Itupeva e Mogi das Cruzes.<\/p>\n<div id=\"attachment_703\" style=\"width: 458px\" class=\"wp-caption alignright\"><a href=\"https:\/\/tvtecjundiai.com.br\/news\/wp-content\/uploads\/sites\/2\/2017\/09\/peama.jpg\"><img loading=\"lazy\" decoding=\"async\" aria-describedby=\"caption-attachment-703\" class=\"wp-image-703 \" src=\"https:\/\/tvtecjundiai.com.br\/news\/wp-content\/uploads\/sites\/2\/2017\/09\/peama-300x199.jpg\" alt=\"\" width=\"448\" height=\"297\" \/><\/a><p id=\"caption-attachment-703\" class=\"wp-caption-text\">O campeonato \u00e9 montado de acordo com as habilidades de cada atleta<\/p><\/div>\n<p>A professora de educa\u00e7\u00e3o f\u00edsica, Maria Teresa Leit\u00e3o, coordenadora de t\u00eanis do Peama, explicou que as equipes foram separadas em masculina e feminina, e as duplas escaladas para as disputas foram montadas de acordo com a habilidade de cada um. \u201cNossos atletas t\u00eam entre 14 e 61 anos e o torneio de hoje, que j\u00e1 existe h\u00e1 20 anos, foi montado de acordo com os padr\u00f5es da Special Olympics, que \u00e9 um movimento internacional de esportes para pessoas com defici\u00eancia intelectual\u201d, explica Teresa.<\/p>\n<p><strong>LEIA TAMB\u00c9M<\/strong><br \/>\n<strong><a href=\"https:\/\/tvtecjundiai.com.br\/news\/2017\/09\/16\/cidades-prefeitura-da-inicio-a-conferencia-da-igualdade-racial\/\" target=\"_blank\" rel=\"noopener\">Cidades: Prefeitura d\u00e1 in\u00edcio \u00e0 Confer\u00eancia da Igualdade Racial<\/a><\/strong><\/p>\n<p>A Special Olympics contabiliza, em todo o mundo, mais de 5 milh\u00f5es de atletas com defici\u00eancia intelectual e que participam de suas atividades em 180 pa\u00edses, em 22 modalidades esportivas. \u201cEm novembro, teremos aqui em Jundia\u00ed os Jogos Estaduais da Special Olympics, com apoio da Prefeitura e ESEF, e j\u00e1 temos cerca de 300 atletas de todo o Estado confirmados\u201d, ressaltou a professora, lembrando que as atividades ser\u00e3o limitadas aos segmentos praticados pelos atletas paulistas. \u201cAs modalidades ser\u00e3o: atletismo, nata\u00e7\u00e3o, bocha, t\u00eanis de mesa, t\u00eanis de campo, gin\u00e1stica r\u00edtmica e \u00e1guas abertas.\u201d<\/p>\n<div style=\"width: 428px\" class=\"wp-caption alignleft\"><img loading=\"lazy\" decoding=\"async\" class=\"\" src=\"http:\/\/www.jundiai.sp.gov.br\/noticias\/wp-content\/uploads\/sites\/32\/2017\/09\/peama-12.jpg\" width=\"418\" height=\"278\" \/><p class=\"wp-caption-text\">A coordenadora de t\u00eanis do Peama, Maria Teresa Leit\u00e3o, lembrou que o evento seguia os par\u00e2metros de competi\u00e7\u00e3o da Special Olympics<\/p><\/div>\n<p><strong>Ajuda m\u00fatua<\/strong><\/p>\n<p>Tania Rosolem, volunt\u00e1ria do Peama e respons\u00e1vel pelas fam\u00edlias da Special Olympics, conta que chegou ao Bol\u00e3o \u00e0s 7h, junto com as m\u00e3es volunt\u00e1rias Kelly e Elaine, para preparar a recep\u00e7\u00e3o dos atletas ao local. \u201cCada atleta \u00e9 orientado a trazer um lanche comunit\u00e1rio e montamos uma mesa para que todos possam comer e estar devidamente abastecidos para participar das partidas\u201d, contou. M\u00e3e da atleta Camila Rosolem, ela conta que a filha \u00e9 sempre uma das mais animadas do grupo. \u201cMas ela sente muito pelo outro. Acabou de ganhar a partida e veio chorar comigo porque n\u00e3o gostou de ver a amiga que disputou com ela perder o jogo.\u201d<\/p>\n<p>Quanto aos cuidados com os participantes, ela revela que o grupo todo j\u00e1 se conhece h\u00e1 tanto tempo que um ajuda a cuidar do outro. \u201cHoje, por exemplo, nem todas as m\u00e3es est\u00e3o presentes, ent\u00e3o as que vieram ajudam a cuidar de todos como se fossem seus pr\u00f3prios filhos. E \u00e9 como a gente se sente mesmo: uma grande fam\u00edlia\u201d, conclui.<\/p>\n","protected":false},"excerpt":{"rendered":"<p>Evento reuniu participantes com defici\u00eancia intelectual de tr\u00eas cidades<\/p>\n","protected":false},"author":6,"featured_media":703,"comment_status":"closed","ping_status":"closed","sticky":false,"template":"","format":"standard","meta":{"footnotes":""},"categories":[29,1],"tags":[394,7,391,392,5,395,393],"class_list":["post-702","post","type-post","status-publish","format-standard","has-post-thumbnail","hentry","category-destaque","category-noticias","tag-bolao","tag-esporte","tag-festival-regional-especial-de-tenis","tag-frete","tag-jundiai","tag-maria-teresa-leitao","tag-peama"],"_links":{"self":[{"href":"https:\/\/tvtecjundiai.com.br\/news\/wp-json\/wp\/v2\/posts\/702","targetHints":{"allow":["GET"]}}],"collection":[{"href":"https:\/\/tvtecjundiai.com.br\/news\/wp-json\/wp\/v2\/posts"}],"about":[{"href":"https:\/\/tvtecjundiai.com.br\/news\/wp-json\/wp\/v2\/types\/post"}],"author":[{"embeddable":true,"href":"https:\/\/tvtecjundiai.com.br\/news\/wp-json\/wp\/v2\/users\/6"}],"replies":[{"embeddable":true,"href":"https:\/\/tvtecjundiai.com.br\/news\/wp-json\/wp\/v2\/comments?post=702"}],"version-history":[{"count":5,"href":"https:\/\/tvtecjundiai.com.br\/news\/wp-json\/wp\/v2\/posts\/702\/revisions"}],"predecessor-version":[{"id":708,"href":"https:\/\/tvtecjundiai.com.br\/news\/wp-json\/wp\/v2\/posts\/702\/revisions\/708"}],"wp:featuredmedia":[{"embeddable":true,"href":"https:\/\/tvtecjundiai.com.br\/news\/wp-json\/wp\/v2\/media\/703"}],"wp:attachment":[{"href":"https:\/\/tvtecjundiai.com.br\/news\/wp-json\/wp\/v2\/media?parent=702"}],"wp:term":[{"taxonomy":"category","embeddable":true,"href":"https:\/\/tvtecjundiai.com.br\/news\/wp-json\/wp\/v2\/categories?post=702"},{"taxonomy":"post_tag","embeddable":true,"href":"https:\/\/tvtecjundiai.com.br\/news\/wp-json\/wp\/v2\/tags?post=702"}],"curies":[{"name":"wp","href":"https:\/\/api.w.org\/{rel}","templated":true}]}}