{"id":70212,"date":"2021-01-09T09:00:00","date_gmt":"2021-01-09T12:00:00","guid":{"rendered":"https:\/\/tvtecjundiai.com.br\/news\/?p=70212"},"modified":"2021-01-08T17:54:24","modified_gmt":"2021-01-08T20:54:24","slug":"costura-de-aventais-gera-renda-para-moradores-do-novo-horizonte","status":"publish","type":"post","link":"https:\/\/tvtecjundiai.com.br\/news\/2021\/01\/09\/costura-de-aventais-gera-renda-para-moradores-do-novo-horizonte\/","title":{"rendered":"Costura de aventais gera renda para moradores do Novo Horizonte"},"content":{"rendered":"\n<p>Se n\u00e3o fosse a pandemia, a costureira Antonina Ver\u00f4nica Therezinha, 61 anos, estaria com sua m\u00e1quina a todo vapor. Por\u00e9m, o trabalho que acrescentava \u00e0 sua aposentadoria foi decisivo para produ\u00e7\u00e3o de aventais em TNT para os profissionais da Sa\u00fade de Jundia\u00ed. Em a\u00e7\u00e3o articulada pela Rede Jundia\u00ed de Coopera\u00e7\u00e3o, da Prefeitura de Jundia\u00ed, costureiras da regi\u00e3o do Novo Horizonte trabalharam na estrutura da Casa da Fonte e tiveram a remunera\u00e7\u00e3o feita por empresa parceira no enfrentamento \u00e0 pandemia do Novo Coronav\u00edrus.<\/p>\n\n\n\n<div class=\"wp-block-image is-style-default\"><figure class=\"alignright size-large is-resized\"><a href=\"https:\/\/tvtecjundiai.com.br\/news\/wp-content\/uploads\/sites\/2\/2021\/01\/atendimento-covid-novos-aventais-ubs-jardim-do-lago_c_-13.jpg\"><img loading=\"lazy\" decoding=\"async\" src=\"https:\/\/tvtecjundiai.com.br\/news\/wp-content\/uploads\/sites\/2\/2021\/01\/atendimento-covid-novos-aventais-ubs-jardim-do-lago_c_-13-1200x800.jpg\" alt=\"\" class=\"wp-image-70213\" width=\"357\" height=\"238\" srcset=\"https:\/\/tvtecjundiai.com.br\/news\/wp-content\/uploads\/sites\/2\/2021\/01\/atendimento-covid-novos-aventais-ubs-jardim-do-lago_c_-13-1200x800.jpg 1200w, https:\/\/tvtecjundiai.com.br\/news\/wp-content\/uploads\/sites\/2\/2021\/01\/atendimento-covid-novos-aventais-ubs-jardim-do-lago_c_-13-300x200.jpg 300w, https:\/\/tvtecjundiai.com.br\/news\/wp-content\/uploads\/sites\/2\/2021\/01\/atendimento-covid-novos-aventais-ubs-jardim-do-lago_c_-13-768x512.jpg 768w, https:\/\/tvtecjundiai.com.br\/news\/wp-content\/uploads\/sites\/2\/2021\/01\/atendimento-covid-novos-aventais-ubs-jardim-do-lago_c_-13.jpg 1215w\" sizes=\"auto, (max-width: 357px) 100vw, 357px\" \/><\/a><figcaption>Os aventais est\u00e3o em uso nas Unidades B\u00e1sicas de Sa\u00fade e Sentinelas<\/figcaption><\/figure><\/div>\n\n\n\n<p>\u201c\u00c9 muito gratificante saber que o meu trabalho est\u00e1 ajudando os profissionais da Sa\u00fade, que lidam diariamente com esse v\u00edrus. \u00c9 uma sensa\u00e7\u00e3o muito boa. Os aventais eram muito f\u00e1ceis de costurar. Eu j\u00e1 tinha ajudado voluntariamente na confec\u00e7\u00e3o de m\u00e1scaras que a Casa da Fonte doou para a nossa popula\u00e7\u00e3o do Novo Horizonte\u201d, conta a mulher que chegava a costurar cerca de 130 aventais por dia, e recebeu mensalmente pelo servi\u00e7o, de acordo com a produ\u00e7\u00e3o realizada.<\/p>\n\n\n\n<p>Os aventais est\u00e3o em uso nas Unidades B\u00e1sicas de Sa\u00fade (UBSs) e Unidades Sentinelas (USs). \u201cOs equipamentos de prote\u00e7\u00e3o individual s\u00e3o essenciais para a prote\u00e7\u00e3o aos servidores da sa\u00fade e aos pacientes. A qualidade do material recebido \u00e9 excelente. Saber que a popula\u00e7\u00e3o, cada um com o seu talento, se mobiliza para ajudar a enfrentar o v\u00edrus, \u00e9 um incentivo a mais para todos os profissionais que est\u00e3o na linha de frente\u201d, comenta a gestora adjunta da Unidade de Gest\u00e3o de Promo\u00e7\u00e3o da Sa\u00fade (UGPS) Dayane Martins.<\/p>\n\n\n\n<div class=\"wp-block-image is-style-default\"><figure class=\"alignleft size-large is-resized\"><a href=\"https:\/\/tvtecjundiai.com.br\/news\/wp-content\/uploads\/sites\/2\/2021\/01\/costureiras_aventais_novo_horizonte-277.jpg\"><img loading=\"lazy\" decoding=\"async\" src=\"https:\/\/tvtecjundiai.com.br\/news\/wp-content\/uploads\/sites\/2\/2021\/01\/costureiras_aventais_novo_horizonte-277-1200x801.jpg\" alt=\"\" class=\"wp-image-70214\" width=\"324\" height=\"216\" srcset=\"https:\/\/tvtecjundiai.com.br\/news\/wp-content\/uploads\/sites\/2\/2021\/01\/costureiras_aventais_novo_horizonte-277-1200x801.jpg 1200w, https:\/\/tvtecjundiai.com.br\/news\/wp-content\/uploads\/sites\/2\/2021\/01\/costureiras_aventais_novo_horizonte-277-300x200.jpg 300w, https:\/\/tvtecjundiai.com.br\/news\/wp-content\/uploads\/sites\/2\/2021\/01\/costureiras_aventais_novo_horizonte-277-768x512.jpg 768w, https:\/\/tvtecjundiai.com.br\/news\/wp-content\/uploads\/sites\/2\/2021\/01\/costureiras_aventais_novo_horizonte-277.jpg 1280w\" sizes=\"auto, (max-width: 324px) 100vw, 324px\" \/><\/a><figcaption>Ao todo, o grupo de costureiras moradoras do Jardim Novo Horizonte, produziu 15 mil aventais<\/figcaption><\/figure><\/div>\n\n\n\n<p>A Casa da Fonte cedeu, entre agosto e dezembro, o espa\u00e7o de sua oficina de costura e ajudou a viabilizar a remunera\u00e7\u00e3o dos cinco moradores, que fizeram cadastro como MEI (Microempreendedor Individual), a partir da contribui\u00e7\u00e3o da empresa Santa Angela Urbaniza\u00e7\u00e3o e Constru\u00e7\u00f5es Ltda., que doou o servi\u00e7o de costura dos 15 mil aventais \u00e0 Unidade de Gest\u00e3o de Promo\u00e7\u00e3o da Sa\u00fade (UGPS). O TNT, que foi doado pela mesma empresa ao Munic\u00edpio, recebeu, anteriormente, o servi\u00e7o de corte da empresa Liz.<\/p>\n\n\n\n<p>Ao todo, o grupo de costureiras moradoras do Jardim Novo Horizonte, produziu 15 mil aventais, que j\u00e1 est\u00e3o em uso pelos profissionais das Unidades B\u00e1sicas de Sa\u00fade e Unidades Sentinela para o suporte nos Equipamentos de Prote\u00e7\u00e3o Individual (EPIs) da equipe da linha de frente do atendimento aos casos suspeitos ou confirmados de COVID-19.<\/p>\n\n\n\n<p>De acordo com o professor de corte e costura e opera\u00e7\u00e3o de m\u00e1quinas industriais da Casa da Fonte Antonio da Silva Lima, esta a\u00e7\u00e3o uniu o \u00fatil e o agrad\u00e1vel. \u201cA pandemia veio e deixou muita gente desempregada. A proposta da Casa da Fonte com o projeto dos aventais pode ajudar as costureiras a ganharem sua renda, al\u00e9m de contribu\u00edrem nessa empreitada contra o Coronav\u00edrus\u201d, avalia.<\/p>\n\n\n\n<p><strong>Parceiros<\/strong><br>A articula\u00e7\u00e3o de todos os setores para viabilizar a costura dos 15 mil aventais foi realizada pela Rede Jundia\u00ed de Coopera\u00e7\u00e3o, vinculada \u00e0 Unidade de Governo e Finan\u00e7as da Prefeitura de Jundia\u00ed. Segundo o gestor da UGGF, Jos\u00e9 Antonio Parimoschi, a uni\u00e3o de esfor\u00e7os, desde o in\u00edcio da pandemia, faz a diferen\u00e7a para a cidade. \u201cA partir da participa\u00e7\u00e3o da iniciativa privada e da sociedade civil, Jundia\u00ed superou a escassez de insumos no mercado, garantiu a oferta de cestas b\u00e1sicas para as fam\u00edlias em vulnerabilidade e afetadas pela pandemia, bem como distribuiu mais de 140 mil m\u00e1scaras de tecido para a popula\u00e7\u00e3o. A constru\u00e7\u00e3o positiva alcan\u00e7ada \u00e9 exemplo para muitos projetos\u201d, salienta.<\/p>\n\n\n\n<p>A Santa Angela, construtora jundiaiense, foi a empresa que viabilizou a confec\u00e7\u00e3o dos aventais. De acordo com nota encaminhada pela assessoria de imprensa, a doa\u00e7\u00e3o (TNT) foi feita por v\u00e1rias empresas do grupo e \u201ca Construtora Santa Angela assumiu tamb\u00e9m os custos do trabalho para a costura que a Casa da Fonte conseguiu produzir, beneficiando tamb\u00e9m uma entidade importante para a cidade de Jundia\u00ed\u201d.<\/p>\n\n\n\n<p><em>(Fonte\/Foto: Prefeitura de Jundia\u00ed)<\/em><\/p>\n","protected":false},"excerpt":{"rendered":"<p>Os aventais est\u00e3o em uso nas Unidades B\u00e1sicas de Sa\u00fade e Sentinelas <\/p>\n","protected":false},"author":14,"featured_media":70229,"comment_status":"closed","ping_status":"closed","sticky":false,"template":"","format":"standard","meta":{"footnotes":""},"categories":[5038,1],"tags":[3802,5,6511,107],"class_list":["post-70212","post","type-post","status-publish","format-standard","has-post-thumbnail","hentry","category-emprego","category-noticias","tag-empregabilidade","tag-jundiai","tag-pandemia","tag-prefeitura-de-jundiai"],"_links":{"self":[{"href":"https:\/\/tvtecjundiai.com.br\/news\/wp-json\/wp\/v2\/posts\/70212","targetHints":{"allow":["GET"]}}],"collection":[{"href":"https:\/\/tvtecjundiai.com.br\/news\/wp-json\/wp\/v2\/posts"}],"about":[{"href":"https:\/\/tvtecjundiai.com.br\/news\/wp-json\/wp\/v2\/types\/post"}],"author":[{"embeddable":true,"href":"https:\/\/tvtecjundiai.com.br\/news\/wp-json\/wp\/v2\/users\/14"}],"replies":[{"embeddable":true,"href":"https:\/\/tvtecjundiai.com.br\/news\/wp-json\/wp\/v2\/comments?post=70212"}],"version-history":[{"count":3,"href":"https:\/\/tvtecjundiai.com.br\/news\/wp-json\/wp\/v2\/posts\/70212\/revisions"}],"predecessor-version":[{"id":70230,"href":"https:\/\/tvtecjundiai.com.br\/news\/wp-json\/wp\/v2\/posts\/70212\/revisions\/70230"}],"wp:featuredmedia":[{"embeddable":true,"href":"https:\/\/tvtecjundiai.com.br\/news\/wp-json\/wp\/v2\/media\/70229"}],"wp:attachment":[{"href":"https:\/\/tvtecjundiai.com.br\/news\/wp-json\/wp\/v2\/media?parent=70212"}],"wp:term":[{"taxonomy":"category","embeddable":true,"href":"https:\/\/tvtecjundiai.com.br\/news\/wp-json\/wp\/v2\/categories?post=70212"},{"taxonomy":"post_tag","embeddable":true,"href":"https:\/\/tvtecjundiai.com.br\/news\/wp-json\/wp\/v2\/tags?post=70212"}],"curies":[{"name":"wp","href":"https:\/\/api.w.org\/{rel}","templated":true}]}}