{"id":70240,"date":"2021-01-09T19:06:52","date_gmt":"2021-01-09T22:06:52","guid":{"rendered":"https:\/\/tvtecjundiai.com.br\/news\/?p=70240"},"modified":"2021-01-09T19:06:52","modified_gmt":"2021-01-09T22:06:52","slug":"jundiai-registra-mais-3-obitos-causados-pela-covid-19","status":"publish","type":"post","link":"https:\/\/tvtecjundiai.com.br\/news\/2021\/01\/09\/jundiai-registra-mais-3-obitos-causados-pela-covid-19\/","title":{"rendered":"Jundia\u00ed registra mais 3 \u00f3bitos causados pela COVID-19"},"content":{"rendered":"\n<p>A Prefeitura de Jundia\u00ed informa que, neste s\u00e1bado (9), foram contabilizados tr\u00eas \u00f3bitos de residentes na cidade causados pelo Novo Coronav\u00edrus:<\/p>\n\n\n\n<p>Mulher, 78 anos, obesa e portadora de doen\u00e7a cardiovascular cr\u00f4nica. Foi internada no Hospital S\u00e3o Vicente (HSV) no dia 24 de dezembro e \u00f3bito no dia 09 de janeiro.<\/p>\n\n\n\n<p>Mulher, 91 anos, portadora de doen\u00e7a neurol\u00f3gica cr\u00f4nica. Foi internada em hospital particular no dia 03 de janeiro e \u00f3bito no dia 08 de janeiro.<\/p>\n\n\n\n<p>Homem, 90 anos, portador de doen\u00e7a cardiovascular cr\u00f4nica e diabetes. Foi internado em hospital particular no dia 15 de dezembro e \u00f3bito em 09 de janeiro.<\/p>\n\n\n\n<p>At\u00e9 o momento, a cidade registra 495 \u00f3bitos positivos para COVID-19 desde o in\u00edcio da pandemia.<\/p>\n\n\n\n<figure class=\"wp-block-image size-large is-resized is-style-default\"><a href=\"https:\/\/tvtecjundiai.com.br\/news\/wp-content\/uploads\/sites\/2\/2021\/01\/whatsapp-image-2021-01-09-at-15-23-38.jpeg\"><img loading=\"lazy\" decoding=\"async\" src=\"https:\/\/tvtecjundiai.com.br\/news\/wp-content\/uploads\/sites\/2\/2021\/01\/whatsapp-image-2021-01-09-at-15-23-38-960x960.jpeg\" alt=\"\" class=\"wp-image-70242\" width=\"580\" height=\"580\" srcset=\"https:\/\/tvtecjundiai.com.br\/news\/wp-content\/uploads\/sites\/2\/2021\/01\/whatsapp-image-2021-01-09-at-15-23-38-960x960.jpeg 960w, https:\/\/tvtecjundiai.com.br\/news\/wp-content\/uploads\/sites\/2\/2021\/01\/whatsapp-image-2021-01-09-at-15-23-38-300x300.jpeg 300w, https:\/\/tvtecjundiai.com.br\/news\/wp-content\/uploads\/sites\/2\/2021\/01\/whatsapp-image-2021-01-09-at-15-23-38-100x100.jpeg 100w, https:\/\/tvtecjundiai.com.br\/news\/wp-content\/uploads\/sites\/2\/2021\/01\/whatsapp-image-2021-01-09-at-15-23-38-768x768.jpeg 768w, https:\/\/tvtecjundiai.com.br\/news\/wp-content\/uploads\/sites\/2\/2021\/01\/whatsapp-image-2021-01-09-at-15-23-38.jpeg 1280w\" sizes=\"auto, (max-width: 580px) 100vw, 580px\" \/><\/a><\/figure>\n\n\n\n<figure class=\"wp-block-image size-large is-resized is-style-default\"><a href=\"https:\/\/tvtecjundiai.com.br\/news\/wp-content\/uploads\/sites\/2\/2021\/01\/whatsapp-image-2021-01-09-at-15-23-39.jpeg\"><img loading=\"lazy\" decoding=\"async\" src=\"https:\/\/tvtecjundiai.com.br\/news\/wp-content\/uploads\/sites\/2\/2021\/01\/whatsapp-image-2021-01-09-at-15-23-39-960x960.jpeg\" alt=\"\" class=\"wp-image-70241\" width=\"580\" height=\"580\" srcset=\"https:\/\/tvtecjundiai.com.br\/news\/wp-content\/uploads\/sites\/2\/2021\/01\/whatsapp-image-2021-01-09-at-15-23-39-960x960.jpeg 960w, https:\/\/tvtecjundiai.com.br\/news\/wp-content\/uploads\/sites\/2\/2021\/01\/whatsapp-image-2021-01-09-at-15-23-39-300x300.jpeg 300w, https:\/\/tvtecjundiai.com.br\/news\/wp-content\/uploads\/sites\/2\/2021\/01\/whatsapp-image-2021-01-09-at-15-23-39-100x100.jpeg 100w, https:\/\/tvtecjundiai.com.br\/news\/wp-content\/uploads\/sites\/2\/2021\/01\/whatsapp-image-2021-01-09-at-15-23-39-768x768.jpeg 768w, https:\/\/tvtecjundiai.com.br\/news\/wp-content\/uploads\/sites\/2\/2021\/01\/whatsapp-image-2021-01-09-at-15-23-39.jpeg 1280w\" sizes=\"auto, (max-width: 580px) 100vw, 580px\" \/><\/a><\/figure>\n\n\n\n<p><em>(Fonte\/Foto: Prefeitura de Jundia\u00ed)<\/em><\/p>\n","protected":false},"excerpt":{"rendered":"<p>Confira o informe epidemiol\u00f3gico deste s\u00e1bado (9)<\/p>\n","protected":false},"author":14,"featured_media":70244,"comment_status":"closed","ping_status":"closed","sticky":false,"template":"","format":"standard","meta":{"footnotes":""},"categories":[29,1,2839],"tags":[6242,5,6511],"class_list":["post-70240","post","type-post","status-publish","format-standard","has-post-thumbnail","hentry","category-destaque","category-noticias","category-saude","tag-coronavirus","tag-jundiai","tag-pandemia"],"_links":{"self":[{"href":"https:\/\/tvtecjundiai.com.br\/news\/wp-json\/wp\/v2\/posts\/70240","targetHints":{"allow":["GET"]}}],"collection":[{"href":"https:\/\/tvtecjundiai.com.br\/news\/wp-json\/wp\/v2\/posts"}],"about":[{"href":"https:\/\/tvtecjundiai.com.br\/news\/wp-json\/wp\/v2\/types\/post"}],"author":[{"embeddable":true,"href":"https:\/\/tvtecjundiai.com.br\/news\/wp-json\/wp\/v2\/users\/14"}],"replies":[{"embeddable":true,"href":"https:\/\/tvtecjundiai.com.br\/news\/wp-json\/wp\/v2\/comments?post=70240"}],"version-history":[{"count":2,"href":"https:\/\/tvtecjundiai.com.br\/news\/wp-json\/wp\/v2\/posts\/70240\/revisions"}],"predecessor-version":[{"id":70245,"href":"https:\/\/tvtecjundiai.com.br\/news\/wp-json\/wp\/v2\/posts\/70240\/revisions\/70245"}],"wp:featuredmedia":[{"embeddable":true,"href":"https:\/\/tvtecjundiai.com.br\/news\/wp-json\/wp\/v2\/media\/70244"}],"wp:attachment":[{"href":"https:\/\/tvtecjundiai.com.br\/news\/wp-json\/wp\/v2\/media?parent=70240"}],"wp:term":[{"taxonomy":"category","embeddable":true,"href":"https:\/\/tvtecjundiai.com.br\/news\/wp-json\/wp\/v2\/categories?post=70240"},{"taxonomy":"post_tag","embeddable":true,"href":"https:\/\/tvtecjundiai.com.br\/news\/wp-json\/wp\/v2\/tags?post=70240"}],"curies":[{"name":"wp","href":"https:\/\/api.w.org\/{rel}","templated":true}]}}