{"id":70246,"date":"2021-01-09T19:41:45","date_gmt":"2021-01-09T22:41:45","guid":{"rendered":"https:\/\/tvtecjundiai.com.br\/news\/?p=70246"},"modified":"2021-01-09T20:32:37","modified_gmt":"2021-01-09T23:32:37","slug":"morre-carlos-eduardo-ferreira-alves-ortopedista-em-jundiai","status":"publish","type":"post","link":"https:\/\/tvtecjundiai.com.br\/news\/2021\/01\/09\/morre-carlos-eduardo-ferreira-alves-ortopedista-em-jundiai\/","title":{"rendered":"Morre Carlos Eduardo Ferreira Alves, ortopedista em Jundia\u00ed"},"content":{"rendered":"\n<div class=\"wp-block-image is-style-default\"><figure class=\"alignright size-large is-resized\"><a href=\"https:\/\/tvtecjundiai.com.br\/news\/wp-content\/uploads\/sites\/2\/2021\/01\/456843_385869484777898_538795283_o.jpg\"><img loading=\"lazy\" decoding=\"async\" src=\"https:\/\/tvtecjundiai.com.br\/news\/wp-content\/uploads\/sites\/2\/2021\/01\/456843_385869484777898_538795283_o-1200x900.jpg\" alt=\"\" class=\"wp-image-70250\" width=\"313\" height=\"236\" srcset=\"https:\/\/tvtecjundiai.com.br\/news\/wp-content\/uploads\/sites\/2\/2021\/01\/456843_385869484777898_538795283_o-1200x900.jpg 1200w, https:\/\/tvtecjundiai.com.br\/news\/wp-content\/uploads\/sites\/2\/2021\/01\/456843_385869484777898_538795283_o-300x225.jpg 300w, https:\/\/tvtecjundiai.com.br\/news\/wp-content\/uploads\/sites\/2\/2021\/01\/456843_385869484777898_538795283_o-768x576.jpg 768w, https:\/\/tvtecjundiai.com.br\/news\/wp-content\/uploads\/sites\/2\/2021\/01\/456843_385869484777898_538795283_o.jpg 1280w\" sizes=\"auto, (max-width: 313px) 100vw, 313px\" \/><\/a><figcaption>Doutor Carlos faleceu ontem (08) e deixou um legado de amizade em Jundia\u00ed<\/figcaption><\/figure><\/div>\n\n\n\n<p>Comunicamos, com pesar, que o m\u00e9dico ortopedista, Carlos Eduardo Ferreira Alves, faleceu ontem (8). De acordo com informa\u00e7\u00f5es, a causa da morte foi um AVC \u2013 Acidente Vascular Cerebral.<\/p>\n\n\n\n<p>Era querido entre os amigos, pacientes e a classe m\u00e9dica, funcion\u00e1rios e profissionais da sa\u00fade, em todos os servi\u00e7os onde atuou.<\/p>\n\n\n\n<p>Ele ficou conhecido pela sua amizade, compet\u00eancia, dedica\u00e7\u00e3o e simplicidade. Deixou uma legi\u00e3o de amigos em Jundia\u00ed. Muitas homenagens foram feitas durante este s\u00e1bado (9).<\/p>\n\n\n\n<p>A superintendente da TVTEC, M\u00f4nica Gropelo, lamenta a perda de um jovem m\u00e9dico, de quem era paciente h\u00e1 muitos anos, destacando que o profissional atendia seus pacientes com um olhar sempre muito afetivo. \u201cAl\u00e9m de ser um excepcional ortopedista-especialista em ombro, ele era um cara gentil e amoroso com todos. Lamentamos a perda e deixamos nossos sentimentos a fam\u00edlia e amigos deste m\u00e9dico t\u00e3o querido em Jundia\u00ed\u2019, concluiu.<\/p>\n\n\n\n<p><em>(Foto: Arquivo pessoal)<\/em><\/p>\n","protected":false},"excerpt":{"rendered":"<p>Doutor Carlos faleceu ontem (08) e deixou um legado de amizade em Jundia\u00ed<\/p>\n","protected":false},"author":14,"featured_media":70250,"comment_status":"closed","ping_status":"closed","sticky":false,"template":"","format":"standard","meta":{"footnotes":""},"categories":[1,2839],"tags":[5,7779],"class_list":["post-70246","post","type-post","status-publish","format-standard","has-post-thumbnail","hentry","category-noticias","category-saude","tag-jundiai","tag-ortopedia"],"_links":{"self":[{"href":"https:\/\/tvtecjundiai.com.br\/news\/wp-json\/wp\/v2\/posts\/70246","targetHints":{"allow":["GET"]}}],"collection":[{"href":"https:\/\/tvtecjundiai.com.br\/news\/wp-json\/wp\/v2\/posts"}],"about":[{"href":"https:\/\/tvtecjundiai.com.br\/news\/wp-json\/wp\/v2\/types\/post"}],"author":[{"embeddable":true,"href":"https:\/\/tvtecjundiai.com.br\/news\/wp-json\/wp\/v2\/users\/14"}],"replies":[{"embeddable":true,"href":"https:\/\/tvtecjundiai.com.br\/news\/wp-json\/wp\/v2\/comments?post=70246"}],"version-history":[{"count":7,"href":"https:\/\/tvtecjundiai.com.br\/news\/wp-json\/wp\/v2\/posts\/70246\/revisions"}],"predecessor-version":[{"id":70259,"href":"https:\/\/tvtecjundiai.com.br\/news\/wp-json\/wp\/v2\/posts\/70246\/revisions\/70259"}],"wp:featuredmedia":[{"embeddable":true,"href":"https:\/\/tvtecjundiai.com.br\/news\/wp-json\/wp\/v2\/media\/70250"}],"wp:attachment":[{"href":"https:\/\/tvtecjundiai.com.br\/news\/wp-json\/wp\/v2\/media?parent=70246"}],"wp:term":[{"taxonomy":"category","embeddable":true,"href":"https:\/\/tvtecjundiai.com.br\/news\/wp-json\/wp\/v2\/categories?post=70246"},{"taxonomy":"post_tag","embeddable":true,"href":"https:\/\/tvtecjundiai.com.br\/news\/wp-json\/wp\/v2\/tags?post=70246"}],"curies":[{"name":"wp","href":"https:\/\/api.w.org\/{rel}","templated":true}]}}