{"id":70264,"date":"2021-01-10T21:27:04","date_gmt":"2021-01-11T00:27:04","guid":{"rendered":"https:\/\/tvtecjundiai.com.br\/news\/?p=70264"},"modified":"2021-01-10T21:27:04","modified_gmt":"2021-01-11T00:27:04","slug":"falece-james-geraldo-jundiaiense-filho-do-saudoso-jamil","status":"publish","type":"post","link":"https:\/\/tvtecjundiai.com.br\/news\/2021\/01\/10\/falece-james-geraldo-jundiaiense-filho-do-saudoso-jamil\/","title":{"rendered":"Falece James Geraldo, jundiaiense, filho do saudoso Jamil"},"content":{"rendered":"\n<div class=\"wp-block-image is-style-default\"><figure class=\"alignright size-large is-resized\"><a href=\"https:\/\/tvtecjundiai.com.br\/news\/wp-content\/uploads\/sites\/2\/2021\/01\/WhatsApp-Image-2021-01-10-at-21.13.58.jpeg\"><img loading=\"lazy\" decoding=\"async\" src=\"https:\/\/tvtecjundiai.com.br\/news\/wp-content\/uploads\/sites\/2\/2021\/01\/WhatsApp-Image-2021-01-10-at-21.13.58.jpeg\" alt=\"\" class=\"wp-image-70265\" width=\"360\" height=\"202\" srcset=\"https:\/\/tvtecjundiai.com.br\/news\/wp-content\/uploads\/sites\/2\/2021\/01\/WhatsApp-Image-2021-01-10-at-21.13.58.jpeg 1080w, https:\/\/tvtecjundiai.com.br\/news\/wp-content\/uploads\/sites\/2\/2021\/01\/WhatsApp-Image-2021-01-10-at-21.13.58-300x169.jpeg 300w, https:\/\/tvtecjundiai.com.br\/news\/wp-content\/uploads\/sites\/2\/2021\/01\/WhatsApp-Image-2021-01-10-at-21.13.58-768x432.jpeg 768w\" sizes=\"auto, (max-width: 360px) 100vw, 360px\" \/><\/a><figcaption>James era corretor de seguros, esportista e adorava pedalar<\/figcaption><\/figure><\/div>\n\n\n\n<p>James era Conselheiro do Clube Jundiaiense, corretor de seguros, esportista e adorava pedalar. Segundo informa\u00e7\u00f5es, James sofreu um mal s\u00fabito enquanto pedalava, uma de suas grandes paix\u00f5es. Foi na tarde deste domingo (10).<\/p>\n\n\n\n<p>Pelas redes sociais os amigos lamentaram a perda e fizeram muitas homenagens. James era querido, considerado por todos \u201cum cara alegre, de bem com a vida, gente do bem e que partiu fazendo, literalmente, o que amava: pedalar\u201d<\/p>\n\n\n\n<p>A equipe TVTEC lamenta a perda e deixa agradecimentos ao James Geraldo pelos servi\u00e7os prestados e a rela\u00e7\u00e3o de respeito e amizade constru\u00edda ao longo desses anos.<\/p>\n\n\n\n<p><em>(Foto: Arquivo pessoal)<\/em><\/p>\n","protected":false},"excerpt":{"rendered":"<p>James era corretor de seguros, esportista e adorava pedalar<\/p>\n","protected":false},"author":14,"featured_media":70265,"comment_status":"closed","ping_status":"closed","sticky":false,"template":"","format":"standard","meta":{"footnotes":""},"categories":[2834,1],"tags":[7,5,15],"class_list":["post-70264","post","type-post","status-publish","format-standard","has-post-thumbnail","hentry","category-cidades","category-noticias","tag-esporte","tag-jundiai","tag-tvtec"],"_links":{"self":[{"href":"https:\/\/tvtecjundiai.com.br\/news\/wp-json\/wp\/v2\/posts\/70264","targetHints":{"allow":["GET"]}}],"collection":[{"href":"https:\/\/tvtecjundiai.com.br\/news\/wp-json\/wp\/v2\/posts"}],"about":[{"href":"https:\/\/tvtecjundiai.com.br\/news\/wp-json\/wp\/v2\/types\/post"}],"author":[{"embeddable":true,"href":"https:\/\/tvtecjundiai.com.br\/news\/wp-json\/wp\/v2\/users\/14"}],"replies":[{"embeddable":true,"href":"https:\/\/tvtecjundiai.com.br\/news\/wp-json\/wp\/v2\/comments?post=70264"}],"version-history":[{"count":2,"href":"https:\/\/tvtecjundiai.com.br\/news\/wp-json\/wp\/v2\/posts\/70264\/revisions"}],"predecessor-version":[{"id":70267,"href":"https:\/\/tvtecjundiai.com.br\/news\/wp-json\/wp\/v2\/posts\/70264\/revisions\/70267"}],"wp:featuredmedia":[{"embeddable":true,"href":"https:\/\/tvtecjundiai.com.br\/news\/wp-json\/wp\/v2\/media\/70265"}],"wp:attachment":[{"href":"https:\/\/tvtecjundiai.com.br\/news\/wp-json\/wp\/v2\/media?parent=70264"}],"wp:term":[{"taxonomy":"category","embeddable":true,"href":"https:\/\/tvtecjundiai.com.br\/news\/wp-json\/wp\/v2\/categories?post=70264"},{"taxonomy":"post_tag","embeddable":true,"href":"https:\/\/tvtecjundiai.com.br\/news\/wp-json\/wp\/v2\/tags?post=70264"}],"curies":[{"name":"wp","href":"https:\/\/api.w.org\/{rel}","templated":true}]}}