{"id":70268,"date":"2021-01-11T16:08:09","date_gmt":"2021-01-11T19:08:09","guid":{"rendered":"https:\/\/tvtecjundiai.com.br\/news\/?p=70268"},"modified":"2021-01-11T16:08:09","modified_gmt":"2021-01-11T19:08:09","slug":"pat-jundiai-inicia-semana-com-264-vagas-de-emprego-disponiveis","status":"publish","type":"post","link":"https:\/\/tvtecjundiai.com.br\/news\/2021\/01\/11\/pat-jundiai-inicia-semana-com-264-vagas-de-emprego-disponiveis\/","title":{"rendered":"PAT Jundia\u00ed inicia semana com 264 vagas de emprego dispon\u00edveis"},"content":{"rendered":"\n<div class=\"wp-block-image\"><figure class=\"alignright size-large is-resized\"><a href=\"https:\/\/tvtecjundiai.com.br\/news\/wp-content\/uploads\/sites\/2\/2021\/01\/bbc.jpg\"><img loading=\"lazy\" decoding=\"async\" src=\"https:\/\/tvtecjundiai.com.br\/news\/wp-content\/uploads\/sites\/2\/2021\/01\/bbc.jpg\" alt=\"\" class=\"wp-image-70270\" width=\"358\" height=\"200\" srcset=\"https:\/\/tvtecjundiai.com.br\/news\/wp-content\/uploads\/sites\/2\/2021\/01\/bbc.jpg 984w, https:\/\/tvtecjundiai.com.br\/news\/wp-content\/uploads\/sites\/2\/2021\/01\/bbc-300x169.jpg 300w, https:\/\/tvtecjundiai.com.br\/news\/wp-content\/uploads\/sites\/2\/2021\/01\/bbc-768x432.jpg 768w\" sizes=\"auto, (max-width: 358px) 100vw, 358px\" \/><\/a><figcaption>Portal da Empregabilidade tamb\u00e9m conta com vagas para pessoas com defici\u00eancia<\/figcaption><\/figure><\/div>\n\n\n\n<p>O Posto de Atendimento ao Trabalhador (PAT) de Jundia\u00ed come\u00e7a a semana com 264 vagas de emprego dispon\u00edveis em seu sistema. S\u00e3o oportunidades variadas, nas mais diferentes fun\u00e7\u00f5es, \u00e1reas e empresas.<\/p>\n\n\n\n<p>Os interessados devem acessar o sistema do Portal da Empregabilidade, no \u00edcone&nbsp;<a rel=\"noreferrer noopener\" href=\"https:\/\/web.jundiai.sp.gov.br\/PMJ\/emprega\/Vaga\" target=\"_blank\">\u201cvagas\u201d<\/a>. O espa\u00e7o virtual traz informa\u00e7\u00f5es como o cargo ofertado, a empresa e o n\u00famero de vagas dispon\u00edveis para cada registro, al\u00e9m de um \u00edcone com mais detalhes. Ao interessado, basta clicar em \u201ccandidatar-se\u201d. O Portal da Empregabilidade tamb\u00e9m conta com vagas espec\u00edficas para pessoas com defici\u00eancia e seus dados s\u00e3o alterados o dia todo.<\/p>\n\n\n\n<p>Est\u00e3o dispon\u00edveis vagas como executivo de vendas, servente de obras, jardineiro, operador de grua, encarregada de limpeza e muitas outras. Devido \u00e0 pandemia, o Posto de Atendimento ao Trabalhador n\u00e3o est\u00e1 fazendo atendimento presencial. Informa\u00e7\u00f5es no telefone: 4586-2731.<\/p>\n\n\n\n<p><em>(Fonte: Prefeitura de Jundia\u00ed\/Foto: Getty Images)<\/em><\/p>\n","protected":false},"excerpt":{"rendered":"<p>Portal da Empregabilidade tamb\u00e9m conta com vagas para pessoas com defici\u00eancia<\/p>\n","protected":false},"author":14,"featured_media":70270,"comment_status":"closed","ping_status":"closed","sticky":false,"template":"","format":"standard","meta":{"footnotes":""},"categories":[29,5038,1],"tags":[5,44],"class_list":["post-70268","post","type-post","status-publish","format-standard","has-post-thumbnail","hentry","category-destaque","category-emprego","category-noticias","tag-jundiai","tag-pat-jundiai"],"_links":{"self":[{"href":"https:\/\/tvtecjundiai.com.br\/news\/wp-json\/wp\/v2\/posts\/70268","targetHints":{"allow":["GET"]}}],"collection":[{"href":"https:\/\/tvtecjundiai.com.br\/news\/wp-json\/wp\/v2\/posts"}],"about":[{"href":"https:\/\/tvtecjundiai.com.br\/news\/wp-json\/wp\/v2\/types\/post"}],"author":[{"embeddable":true,"href":"https:\/\/tvtecjundiai.com.br\/news\/wp-json\/wp\/v2\/users\/14"}],"replies":[{"embeddable":true,"href":"https:\/\/tvtecjundiai.com.br\/news\/wp-json\/wp\/v2\/comments?post=70268"}],"version-history":[{"count":3,"href":"https:\/\/tvtecjundiai.com.br\/news\/wp-json\/wp\/v2\/posts\/70268\/revisions"}],"predecessor-version":[{"id":70287,"href":"https:\/\/tvtecjundiai.com.br\/news\/wp-json\/wp\/v2\/posts\/70268\/revisions\/70287"}],"wp:featuredmedia":[{"embeddable":true,"href":"https:\/\/tvtecjundiai.com.br\/news\/wp-json\/wp\/v2\/media\/70270"}],"wp:attachment":[{"href":"https:\/\/tvtecjundiai.com.br\/news\/wp-json\/wp\/v2\/media?parent=70268"}],"wp:term":[{"taxonomy":"category","embeddable":true,"href":"https:\/\/tvtecjundiai.com.br\/news\/wp-json\/wp\/v2\/categories?post=70268"},{"taxonomy":"post_tag","embeddable":true,"href":"https:\/\/tvtecjundiai.com.br\/news\/wp-json\/wp\/v2\/tags?post=70268"}],"curies":[{"name":"wp","href":"https:\/\/api.w.org\/{rel}","templated":true}]}}