{"id":70360,"date":"2021-01-13T16:35:52","date_gmt":"2021-01-13T19:35:52","guid":{"rendered":"https:\/\/tvtecjundiai.com.br\/news\/?p=70360"},"modified":"2021-01-13T16:35:52","modified_gmt":"2021-01-13T19:35:52","slug":"jundiai-foca-em-parcerias-estrategicas-voltadas-ao-crescimento-sustentavel","status":"publish","type":"post","link":"https:\/\/tvtecjundiai.com.br\/news\/2021\/01\/13\/jundiai-foca-em-parcerias-estrategicas-voltadas-ao-crescimento-sustentavel\/","title":{"rendered":"Jundia\u00ed foca em parcerias estrat\u00e9gicas voltadas ao crescimento sustent\u00e1vel"},"content":{"rendered":"\n<p>O tema \u201cdesenvolvimento com sustentabilidade\u201d voltou a ser discutido entre a Prefeitura de Jundia\u00ed e as empresas alem\u00e3s Siemens e Siemens Energy, instaladas no munic\u00edpio. Nesta quarta-feira (13), executivos da ind\u00fastria foram recebidos pelo prefeito Luiz Fernando Machado e por gestores municipais, com vistas a estabelecer novas parcerias estrat\u00e9gicas para a cidade.<\/p>\n\n\n\n<div class=\"wp-block-image\"><figure class=\"alignright size-large is-resized\"><a href=\"https:\/\/tvtecjundiai.com.br\/news\/wp-content\/uploads\/sites\/2\/2021\/01\/reuniao_diretoria_siemens-222-1.jpg\"><img loading=\"lazy\" decoding=\"async\" src=\"https:\/\/tvtecjundiai.com.br\/news\/wp-content\/uploads\/sites\/2\/2021\/01\/reuniao_diretoria_siemens-222-1-1200x800.jpg\" alt=\"\" class=\"wp-image-70383\" width=\"367\" height=\"245\" srcset=\"https:\/\/tvtecjundiai.com.br\/news\/wp-content\/uploads\/sites\/2\/2021\/01\/reuniao_diretoria_siemens-222-1-1200x800.jpg 1200w, https:\/\/tvtecjundiai.com.br\/news\/wp-content\/uploads\/sites\/2\/2021\/01\/reuniao_diretoria_siemens-222-1-300x200.jpg 300w, https:\/\/tvtecjundiai.com.br\/news\/wp-content\/uploads\/sites\/2\/2021\/01\/reuniao_diretoria_siemens-222-1-768x512.jpg 768w, https:\/\/tvtecjundiai.com.br\/news\/wp-content\/uploads\/sites\/2\/2021\/01\/reuniao_diretoria_siemens-222-1.jpg 1280w\" sizes=\"auto, (max-width: 367px) 100vw, 367px\" \/><\/a><figcaption>Jundia\u00ed j\u00e1 mant\u00e9m parcerias com as empresas alem\u00e3s<\/figcaption><\/figure><\/div>\n\n\n\n<p>Em 2018, a partir de uma parceria com a Siemens, Jundia\u00ed se tornou a segunda cidade do Brasil \u2013 e a terceira da Am\u00e9rica Latina \u2013 a contar com a Ferramenta de Desempenho da Cidade (CyPT \u2013 City Performance Tool), um sistema inteligente de an\u00e1lise de dados que ajuda os administradores municipais a identificarem \u00e1reas priorit\u00e1rias para investimento com o objetivo de tornar suas cidades mais sustent\u00e1veis.<\/p>\n\n\n\n<p>A Prefeitura tamb\u00e9m mant\u00e9m parcerias com a empresa na \u00e1rea de educa\u00e7\u00e3o. No in\u00edcio da pandemia, recebeu por meio de doa\u00e7\u00e3o 400 face shields para profissionais da sa\u00fade. A Siemens ainda destinou, junto com o BNDES, R$ 400 mil para o Hospital S\u00e3o Vicente adquirir EPIs (equipamentos de prote\u00e7\u00e3o individual).<\/p>\n\n\n\n<p>\u201cJundia\u00ed, por estar bem estruturada e ter boa refer\u00eancia em gest\u00e3o, \u00e9 canalizadora de investimentos. Somos a 7\u00aa economia do Estado e a 18\u00aa do Brasil. Buscamos crescer economicamente, com inova\u00e7\u00f5es que nos tornam uma cidade inteligente, sem deixar de pensar na sustentabilidade e tamb\u00e9m com o compromisso de ser a Cidade das Crian\u00e7as. \u00c9 fundamental estabelecermos bons projetos e dialogarmos com os setores\u201d, destacou o prefeito Luiz Fernando.<\/p>\n\n\n\n<p>O general manager da Siemens Energy, Andr\u00e9 Clark, agradeceu as parcerias que t\u00eam sido feitas com o munic\u00edpio, al\u00e9m da rela\u00e7\u00e3o constru\u00edda com a gest\u00e3o. \u201cTemos tranquilidade e confian\u00e7a na rela\u00e7\u00e3o com a cidade. Esperamos, nos pr\u00f3ximos anos, crescer ainda mais em Jundia\u00ed\u201d, destacou.<\/p>\n\n\n\n<p>Para o gestor de Governo e Finan\u00e7as (UGGF), Jos\u00e9 Ant\u00f4nio Parimoschi, o munic\u00edpio segue focando em a\u00e7\u00f5es tanto para os pr\u00f3ximos anos como com a agenda Jundia\u00ed 2050. \u201cHaver\u00e1 benef\u00edcios econ\u00f4micos e na qualidade de vida das pessoas \u00e0 medida que atuamos para o desenvolvimento com sustentabilidade. Estamos trabalhando para estabelecer, neste sentido, parcerias estrat\u00e9gicas. A Siemens \u00e9 uma grande companhia de energia instalada na cidade. \u201d<\/p>\n\n\n\n<p>Tamb\u00e9m estiveram presentes na reuni\u00e3o os gestores da Casa Civil, Gustavo Maryssael, de Inova\u00e7\u00e3o e Rela\u00e7\u00e3o com o Cidad\u00e3o, Thiago Maia, de Desenvolvimento Econ\u00f4mico, Ci\u00eancia e Tecnologia, Cristiano Lopes, o gestor adjunto da UGGF, Jones Martins, e o diretor do Departamento de Fomento a Ind\u00fastria, Gilson Pichioli, al\u00e9m dos representantes da empresa: diretor de Rela\u00e7\u00f5es Governamentais da Siemens Energy, Henrique Paiva; vice-presidente da Divis\u00e3o de Smart Infraestructure da Siemens, Sergio Jacobsen; e diretor de rela\u00e7\u00f5es governamentais da Siemens, Luis Mosquera.<\/p>\n\n\n\n<p>(<em>Fonte\/Foto: Prefeitura de Jundia\u00ed<\/em>)<\/p>\n","protected":false},"excerpt":{"rendered":"<p>Prefeitura deve fechar novas parcerias com empresas <\/p>\n","protected":false},"author":23,"featured_media":70361,"comment_status":"closed","ping_status":"closed","sticky":false,"template":"","format":"standard","meta":{"footnotes":""},"categories":[29,2829,1],"tags":[346,5,2101,15,702],"class_list":["post-70360","post","type-post","status-publish","format-standard","has-post-thumbnail","hentry","category-destaque","category-economia","category-noticias","tag-economia","tag-jundiai","tag-sustentabilidade","tag-tvtec","tag-tvtec-jundiai"],"_links":{"self":[{"href":"https:\/\/tvtecjundiai.com.br\/news\/wp-json\/wp\/v2\/posts\/70360","targetHints":{"allow":["GET"]}}],"collection":[{"href":"https:\/\/tvtecjundiai.com.br\/news\/wp-json\/wp\/v2\/posts"}],"about":[{"href":"https:\/\/tvtecjundiai.com.br\/news\/wp-json\/wp\/v2\/types\/post"}],"author":[{"embeddable":true,"href":"https:\/\/tvtecjundiai.com.br\/news\/wp-json\/wp\/v2\/users\/23"}],"replies":[{"embeddable":true,"href":"https:\/\/tvtecjundiai.com.br\/news\/wp-json\/wp\/v2\/comments?post=70360"}],"version-history":[{"count":3,"href":"https:\/\/tvtecjundiai.com.br\/news\/wp-json\/wp\/v2\/posts\/70360\/revisions"}],"predecessor-version":[{"id":70385,"href":"https:\/\/tvtecjundiai.com.br\/news\/wp-json\/wp\/v2\/posts\/70360\/revisions\/70385"}],"wp:featuredmedia":[{"embeddable":true,"href":"https:\/\/tvtecjundiai.com.br\/news\/wp-json\/wp\/v2\/media\/70361"}],"wp:attachment":[{"href":"https:\/\/tvtecjundiai.com.br\/news\/wp-json\/wp\/v2\/media?parent=70360"}],"wp:term":[{"taxonomy":"category","embeddable":true,"href":"https:\/\/tvtecjundiai.com.br\/news\/wp-json\/wp\/v2\/categories?post=70360"},{"taxonomy":"post_tag","embeddable":true,"href":"https:\/\/tvtecjundiai.com.br\/news\/wp-json\/wp\/v2\/tags?post=70360"}],"curies":[{"name":"wp","href":"https:\/\/api.w.org\/{rel}","templated":true}]}}