{"id":7045,"date":"2018-03-05T12:25:29","date_gmt":"2018-03-05T15:25:29","guid":{"rendered":"https:\/\/tvtecjundiai.com.br\/news\/?p=7045"},"modified":"2018-03-05T13:27:22","modified_gmt":"2018-03-05T16:27:22","slug":"economia-consumo-de-combustivel-aumenta-em-044","status":"publish","type":"post","link":"https:\/\/tvtecjundiai.com.br\/news\/2018\/03\/05\/economia-consumo-de-combustivel-aumenta-em-044\/","title":{"rendered":"Economia: consumo de combust\u00edvel no Brasil aumenta em 0,44%"},"content":{"rendered":"<p>O consumo de combust\u00edvel aumentou em 0,44% no Brasil no ano passado, segundo os dados divulgados pela Ag\u00eancia Nacional do Petr\u00f3leo\u00a0G\u00e1s Natural e Biocombust\u00edveis (ANP) no Semin\u00e1rio de Avalia\u00e7\u00e3o do Mercado de Combust\u00edveis, no Rio de Janeiro, na \u00faltima sexta-feira (2).<\/p>\n<p>Em 2016, foram comercializados\u00a0135,436 bilh\u00f5es de litros. J\u00e1 em 2017,\u00a0136,025 bilh\u00f5es de litros de combust\u00edveis.\u00a0O diretor da ANP, Felipe Kury, afirma que o crescimento de 1% do Produto Interno Bruto (PIB), divulgado na \u00faltima quinta-feira (1\u00ba) pelo Instituto Brasileiro de Geografia e Estat\u00edstica (IBGE), sinaliza que come\u00e7ou a haver uma recupera\u00e7\u00e3o na economia, no pa\u00eds. \u201cE os combust\u00edveis acompanham\u201d, completou.<\/p>\n<p>De acordo com a ANP, o come\u00e7o de recupera\u00e7\u00e3o da economia, o aumento da frota e o ganho de competitividade em rela\u00e7\u00e3o ao etanol hidratado explicam o aumento de 2,6% registrado na comercializa\u00e7\u00e3o de gasolina C, que somou 44,150 bilh\u00f5es de litros, contra 43,019 bilh\u00f5es de litros em 2016. Houve tamb\u00e9m o crescimento de 0,91% na comercializa\u00e7\u00e3o de \u00f3leo diesel B entre 2016 e 2017 (de 54,279 bilh\u00f5es de litros para 54,772 bilh\u00f5es de litros).<\/p>\n<div id=\"attachment_7048\" style=\"width: 367px\" class=\"wp-caption alignleft\"><a href=\"https:\/\/tvtecjundiai.com.br\/news\/wp-content\/uploads\/sites\/2\/2018\/03\/Gasolina3.jpeg\"><img loading=\"lazy\" decoding=\"async\" aria-describedby=\"caption-attachment-7048\" class=\"wp-image-7048\" src=\"https:\/\/tvtecjundiai.com.br\/news\/wp-content\/uploads\/sites\/2\/2018\/03\/Gasolina3-300x164.jpeg\" alt=\"\" width=\"357\" height=\"195\" srcset=\"https:\/\/tvtecjundiai.com.br\/news\/wp-content\/uploads\/sites\/2\/2018\/03\/Gasolina3-300x164.jpeg 300w, https:\/\/tvtecjundiai.com.br\/news\/wp-content\/uploads\/sites\/2\/2018\/03\/Gasolina3.jpeg 660w\" sizes=\"auto, (max-width: 357px) 100vw, 357px\" \/><\/a><p id=\"caption-attachment-7048\" class=\"wp-caption-text\">O \u00edndice de consumo de etanol diminuiu em 2017<\/p><\/div>\n<p>J\u00e1 o etanol mostrou queda de 6,5%, passando de 14,586 bilh\u00f5es de litros em 2016, para 13,642 bilh\u00f5es de litros em 2017, devido \u00e0 perda de competitividade em rela\u00e7\u00e3o \u00e0 gasolina.<\/p>\n<p><em>(Fonte: Ag\u00eancia Brasil)<\/em><\/p>\n","protected":false},"excerpt":{"rendered":"<p>A recupera\u00e7\u00e3o da economia \u00e9 um dos fatores que contribu\u00edram para o consumo <\/p>\n","protected":false},"author":11,"featured_media":5824,"comment_status":"closed","ping_status":"closed","sticky":false,"template":"","format":"standard","meta":{"footnotes":""},"categories":[1],"tags":[277,156,2408,346,2275,1842,275,2370,136],"class_list":["post-7045","post","type-post","status-publish","format-standard","has-post-thumbnail","hentry","category-noticias","tag-anp","tag-aumento","tag-consumo","tag-economia","tag-etanol","tag-fundacao-tve","tag-gasolina","tag-pib","tag-rede-tvtec"],"_links":{"self":[{"href":"https:\/\/tvtecjundiai.com.br\/news\/wp-json\/wp\/v2\/posts\/7045","targetHints":{"allow":["GET"]}}],"collection":[{"href":"https:\/\/tvtecjundiai.com.br\/news\/wp-json\/wp\/v2\/posts"}],"about":[{"href":"https:\/\/tvtecjundiai.com.br\/news\/wp-json\/wp\/v2\/types\/post"}],"author":[{"embeddable":true,"href":"https:\/\/tvtecjundiai.com.br\/news\/wp-json\/wp\/v2\/users\/11"}],"replies":[{"embeddable":true,"href":"https:\/\/tvtecjundiai.com.br\/news\/wp-json\/wp\/v2\/comments?post=7045"}],"version-history":[{"count":2,"href":"https:\/\/tvtecjundiai.com.br\/news\/wp-json\/wp\/v2\/posts\/7045\/revisions"}],"predecessor-version":[{"id":7063,"href":"https:\/\/tvtecjundiai.com.br\/news\/wp-json\/wp\/v2\/posts\/7045\/revisions\/7063"}],"wp:featuredmedia":[{"embeddable":true,"href":"https:\/\/tvtecjundiai.com.br\/news\/wp-json\/wp\/v2\/media\/5824"}],"wp:attachment":[{"href":"https:\/\/tvtecjundiai.com.br\/news\/wp-json\/wp\/v2\/media?parent=7045"}],"wp:term":[{"taxonomy":"category","embeddable":true,"href":"https:\/\/tvtecjundiai.com.br\/news\/wp-json\/wp\/v2\/categories?post=7045"},{"taxonomy":"post_tag","embeddable":true,"href":"https:\/\/tvtecjundiai.com.br\/news\/wp-json\/wp\/v2\/tags?post=7045"}],"curies":[{"name":"wp","href":"https:\/\/api.w.org\/{rel}","templated":true}]}}