{"id":70480,"date":"2021-01-18T12:53:45","date_gmt":"2021-01-18T15:53:45","guid":{"rendered":"https:\/\/tvtecjundiai.com.br\/news\/?p=70480"},"modified":"2021-01-18T12:53:45","modified_gmt":"2021-01-18T15:53:45","slug":"pat-de-jundiai-recoloca-mais-de-15-mil-trabalhadores","status":"publish","type":"post","link":"https:\/\/tvtecjundiai.com.br\/news\/2021\/01\/18\/pat-de-jundiai-recoloca-mais-de-15-mil-trabalhadores\/","title":{"rendered":"PAT de Jundia\u00ed recoloca mais de 1,5 mil trabalhadores"},"content":{"rendered":"\n<p>Todos os dias o Posto de Atendimento ao Trabalhador (PAT), \u00f3rg\u00e3o da Prefeitura de Jundia\u00ed ligado \u00e0 Unidade de Gest\u00e3o de Desenvolvimento Econ\u00f4mico, Ci\u00eancia e Tecnologia (UGDECT), recebe entre 200 a 400 acessos em busca de recoloca\u00e7\u00e3o no mercado de trabalho. No ano de 2020, apesar de marcado pela pandemia, o servi\u00e7o municipal conseguiu recolocar 1.588 pessoas no mercado de trabalho.<\/p>\n\n\n\n<p>Ap\u00f3s a desacelera\u00e7\u00e3o inicial, a retomada foi observada no segundo semestre. \u201cA partir de julho de 2020, tivemos uma recupera\u00e7\u00e3o importante da oferta de postos de trabalho e contrata\u00e7\u00f5es em Jundia\u00ed, resultado da a\u00e7\u00e3o efetiva do poder p\u00fablico em parceria com as entidades locais, ressalta o Diretor do Departamento de Fomento do Com\u00e9rcio e Servi\u00e7os da UGDECT, J\u00falio C\u00e9sar Durante.<\/p>\n\n\n\n<div class=\"wp-block-image is-style-default\"><figure class=\"alignright size-large is-resized\"><a href=\"https:\/\/tvtecjundiai.com.br\/news\/wp-content\/uploads\/sites\/2\/2021\/01\/patempregorenda-1.jpg\"><img loading=\"lazy\" decoding=\"async\" src=\"https:\/\/tvtecjundiai.com.br\/news\/wp-content\/uploads\/sites\/2\/2021\/01\/patempregorenda-1.jpg\" alt=\"\" class=\"wp-image-70481\" width=\"373\" height=\"263\" srcset=\"https:\/\/tvtecjundiai.com.br\/news\/wp-content\/uploads\/sites\/2\/2021\/01\/patempregorenda-1.jpg 1000w, https:\/\/tvtecjundiai.com.br\/news\/wp-content\/uploads\/sites\/2\/2021\/01\/patempregorenda-1-300x212.jpg 300w, https:\/\/tvtecjundiai.com.br\/news\/wp-content\/uploads\/sites\/2\/2021\/01\/patempregorenda-1-768x543.jpg 768w\" sizes=\"auto, (max-width: 373px) 100vw, 373px\" \/><\/a><figcaption>Mesmo na pandemia, servi\u00e7o conseguiu recolocar pessoas no mercado de trabalho<\/figcaption><\/figure><\/div>\n\n\n\n<p>Ao todo, o PAT ofereceu 3.236 vagas e empregou 1.588 pessoas, sendo que os setores que mais geraram ofertas foram o agropecu\u00e1rio e a constru\u00e7\u00e3o civil. Neste ano quem vem liderando o n\u00famero de contrata\u00e7\u00f5es \u00e9 o setor supermercadista, seguido da constru\u00e7\u00e3o civil. \u201cCome\u00e7amos 2021 com uma oferta de empregos significativa\u201d, diz J\u00falio.<\/p>\n\n\n\n<p>Em decorr\u00eancia da pandemia, o PAT atende pela internet, atrav\u00e9s do Portal da Empregabilidade\u00a0<a href=\"https:\/\/emprego.jundiai.sp.gov.br\/\">(https:\/\/emprego.jundiai.sp.gov.br\/<\/a>), onde o interessado encontra de forma f\u00e1cil todas as informa\u00e7\u00f5es sobre as vagas dispon\u00edveis, as empresas e os n\u00fameros de vagas dispon\u00edveis para cada registro, al\u00e9m de um \u00edcone com mais detalhes. Ao interessado, basta clicar em \u201ccandidatar-se\u201d. O Portal da Empregabilidade tamb\u00e9m conta com vagas espec\u00edficas para pessoas com defici\u00eancia e seus dados s\u00e3o alterados o dia todo.<\/p>\n\n\n\n<p><em>(Fonte\/Foto: Prefeitura de Jundia\u00ed)<\/em><\/p>\n","protected":false},"excerpt":{"rendered":"<p>Mesmo na pandemia, servi\u00e7o conseguiu recolocar pessoas no mercado de trabalho<\/p>\n","protected":false},"author":14,"featured_media":70481,"comment_status":"closed","ping_status":"closed","sticky":false,"template":"","format":"standard","meta":{"footnotes":""},"categories":[5038,1],"tags":[5,6511,44],"class_list":["post-70480","post","type-post","status-publish","format-standard","has-post-thumbnail","hentry","category-emprego","category-noticias","tag-jundiai","tag-pandemia","tag-pat-jundiai"],"_links":{"self":[{"href":"https:\/\/tvtecjundiai.com.br\/news\/wp-json\/wp\/v2\/posts\/70480","targetHints":{"allow":["GET"]}}],"collection":[{"href":"https:\/\/tvtecjundiai.com.br\/news\/wp-json\/wp\/v2\/posts"}],"about":[{"href":"https:\/\/tvtecjundiai.com.br\/news\/wp-json\/wp\/v2\/types\/post"}],"author":[{"embeddable":true,"href":"https:\/\/tvtecjundiai.com.br\/news\/wp-json\/wp\/v2\/users\/14"}],"replies":[{"embeddable":true,"href":"https:\/\/tvtecjundiai.com.br\/news\/wp-json\/wp\/v2\/comments?post=70480"}],"version-history":[{"count":1,"href":"https:\/\/tvtecjundiai.com.br\/news\/wp-json\/wp\/v2\/posts\/70480\/revisions"}],"predecessor-version":[{"id":70482,"href":"https:\/\/tvtecjundiai.com.br\/news\/wp-json\/wp\/v2\/posts\/70480\/revisions\/70482"}],"wp:featuredmedia":[{"embeddable":true,"href":"https:\/\/tvtecjundiai.com.br\/news\/wp-json\/wp\/v2\/media\/70481"}],"wp:attachment":[{"href":"https:\/\/tvtecjundiai.com.br\/news\/wp-json\/wp\/v2\/media?parent=70480"}],"wp:term":[{"taxonomy":"category","embeddable":true,"href":"https:\/\/tvtecjundiai.com.br\/news\/wp-json\/wp\/v2\/categories?post=70480"},{"taxonomy":"post_tag","embeddable":true,"href":"https:\/\/tvtecjundiai.com.br\/news\/wp-json\/wp\/v2\/tags?post=70480"}],"curies":[{"name":"wp","href":"https:\/\/api.w.org\/{rel}","templated":true}]}}