{"id":70486,"date":"2021-01-18T15:37:39","date_gmt":"2021-01-18T18:37:39","guid":{"rendered":"https:\/\/tvtecjundiai.com.br\/news\/?p=70486"},"modified":"2021-01-18T15:37:39","modified_gmt":"2021-01-18T18:37:39","slug":"projeto-guri-abre-vagas-para-cursos-de-musica-na-regiao-de-jundiai","status":"publish","type":"post","link":"https:\/\/tvtecjundiai.com.br\/news\/2021\/01\/18\/projeto-guri-abre-vagas-para-cursos-de-musica-na-regiao-de-jundiai\/","title":{"rendered":"Projeto Guri abre vagas para cursos de m\u00fasica na regi\u00e3o de Jundia\u00ed"},"content":{"rendered":"\n<p>A manifesta\u00e7\u00e3o de interesse para novos alunos e alunas do\u202fProjeto Guri, ser\u00e1 realizada nos dias 25 e 26 de fevereiro, de maneira online, para os polos de ensino do interior e litoral de S\u00e3o Paulo. <\/p>\n\n\n\n<p>S\u00e3o 18.271 vagas para 30 cursos gratuitos de m\u00fasica para crian\u00e7as, adolescentes e jovens de 6 a 18 anos incompletos (o sistema carregar\u00e1 os polos com cursos dispon\u00edveis para a idade informada, respeitando a faixa et\u00e1ria de ingresso em cada turma*).<\/p>\n\n\n\n<div class=\"wp-block-image is-style-default\"><figure class=\"alignright size-large is-resized\"><a href=\"https:\/\/tvtecjundiai.com.br\/news\/wp-content\/uploads\/sites\/2\/2021\/01\/71530448_3052227231478230_5607155177309077504_o.jpg\"><img loading=\"lazy\" decoding=\"async\" src=\"https:\/\/tvtecjundiai.com.br\/news\/wp-content\/uploads\/sites\/2\/2021\/01\/71530448_3052227231478230_5607155177309077504_o-1200x801.jpg\" alt=\"\" class=\"wp-image-70487\" width=\"352\" height=\"235\" srcset=\"https:\/\/tvtecjundiai.com.br\/news\/wp-content\/uploads\/sites\/2\/2021\/01\/71530448_3052227231478230_5607155177309077504_o-1200x801.jpg 1200w, https:\/\/tvtecjundiai.com.br\/news\/wp-content\/uploads\/sites\/2\/2021\/01\/71530448_3052227231478230_5607155177309077504_o-300x200.jpg 300w, https:\/\/tvtecjundiai.com.br\/news\/wp-content\/uploads\/sites\/2\/2021\/01\/71530448_3052227231478230_5607155177309077504_o-768x512.jpg 768w, https:\/\/tvtecjundiai.com.br\/news\/wp-content\/uploads\/sites\/2\/2021\/01\/71530448_3052227231478230_5607155177309077504_o.jpg 1280w\" sizes=\"auto, (max-width: 352px) 100vw, 352px\" \/><\/a><figcaption>Ao todo, ser\u00e3o ofertadas mais de 18 mil vagas no interior e litoral de SP<\/figcaption><\/figure><\/div>\n\n\n\n<p>Na regi\u00e3o de Jundia\u00ed s\u00e3o 1611 vagas dispon\u00edveis nos polos: Agua\u00ed, \u00c1guas de Lind\u00f3ia, Atibaia, Bragan\u00e7a Paulista, Cabre\u00fava, Campinas, Elias fausto, Esp\u00edrito Santo do Pinhal, Estiva Gerbi, Indaiatuba, Iracem\u00e1polis, Monte Mor, Nelson Mandela (Campinas), Nova Odessa, Pedreira, Piracaia, Piracicaba, Rafard, Jundia\u00ed, Santa B\u00e1rbara D\u2019Oeste, Santo Ant\u00f4nio de Posse, Santo Ant\u00f4nio do Jardim, Serra Negra, Sumar\u00e9, Vinhedo.<\/p>\n\n\n\n<p>As aulas ter\u00e3o in\u00edcio a partir do dia 1\u00ba de fevereiro e, independentemente do retorno presencial, alunos e alunas ter\u00e3o acesso \u00e0s aulas e atividades por meio da plataforma de ensino a dist\u00e2ncia. Para fazer a inscri\u00e7\u00e3o, o respons\u00e1vel deve acessar o <a rel=\"noreferrer noopener\" href=\"http:\/\/www.projetoguri.org.br\/matricula2021\" target=\"_blank\">link <\/a>e preencher as informa\u00e7\u00f5es solicitadas. <\/p>\n\n\n\n<p>O formul\u00e1rio, dispon\u00edvel a partir do dia 25 de janeiro, \u00e9 bem simples e poder\u00e1 ser preenchido a partir de qualquer plataforma (celular IOS, celular Android, tablet, computador, etc). Para ingressar no Projeto Guri basta ter entre 6 e 18 anos incompletos e estar regularmente matriculado na escola. N\u00e3o \u00e9 preciso ter conhecimento pr\u00e9vio de m\u00fasica, nem possuir instrumentos ou realizar testes seletivos. Os endere\u00e7os dos polos est\u00e3o no site\u00a0<a rel=\"noreferrer noopener\" href=\"http:\/\/www.projetoguri.org.br\/\" target=\"_blank\">www.projetoguri.org.br<\/a>. <\/p>\n\n\n\n<p><em>(Fonte: Assessoria de Imprensa\/Foto: Reprodu\u00e7\u00e3o Facebook)<\/em><\/p>\n","protected":false},"excerpt":{"rendered":"<p>Ao todo, ser\u00e3o ofertadas mais de 18 mil vagas no interior e litoral de SP<\/p>\n","protected":false},"author":14,"featured_media":70487,"comment_status":"closed","ping_status":"closed","sticky":false,"template":"","format":"standard","meta":{"footnotes":""},"categories":[2833,1],"tags":[5,1034,429],"class_list":["post-70486","post","type-post","status-publish","format-standard","has-post-thumbnail","hentry","category-cultura","category-noticias","tag-jundiai","tag-musica","tag-projeto-guri"],"_links":{"self":[{"href":"https:\/\/tvtecjundiai.com.br\/news\/wp-json\/wp\/v2\/posts\/70486","targetHints":{"allow":["GET"]}}],"collection":[{"href":"https:\/\/tvtecjundiai.com.br\/news\/wp-json\/wp\/v2\/posts"}],"about":[{"href":"https:\/\/tvtecjundiai.com.br\/news\/wp-json\/wp\/v2\/types\/post"}],"author":[{"embeddable":true,"href":"https:\/\/tvtecjundiai.com.br\/news\/wp-json\/wp\/v2\/users\/14"}],"replies":[{"embeddable":true,"href":"https:\/\/tvtecjundiai.com.br\/news\/wp-json\/wp\/v2\/comments?post=70486"}],"version-history":[{"count":2,"href":"https:\/\/tvtecjundiai.com.br\/news\/wp-json\/wp\/v2\/posts\/70486\/revisions"}],"predecessor-version":[{"id":70489,"href":"https:\/\/tvtecjundiai.com.br\/news\/wp-json\/wp\/v2\/posts\/70486\/revisions\/70489"}],"wp:featuredmedia":[{"embeddable":true,"href":"https:\/\/tvtecjundiai.com.br\/news\/wp-json\/wp\/v2\/media\/70487"}],"wp:attachment":[{"href":"https:\/\/tvtecjundiai.com.br\/news\/wp-json\/wp\/v2\/media?parent=70486"}],"wp:term":[{"taxonomy":"category","embeddable":true,"href":"https:\/\/tvtecjundiai.com.br\/news\/wp-json\/wp\/v2\/categories?post=70486"},{"taxonomy":"post_tag","embeddable":true,"href":"https:\/\/tvtecjundiai.com.br\/news\/wp-json\/wp\/v2\/tags?post=70486"}],"curies":[{"name":"wp","href":"https:\/\/api.w.org\/{rel}","templated":true}]}}