{"id":70647,"date":"2021-01-25T09:08:22","date_gmt":"2021-01-25T12:08:22","guid":{"rendered":"https:\/\/tvtecjundiai.com.br\/news\/?p=70647"},"modified":"2021-01-25T09:08:22","modified_gmt":"2021-01-25T12:08:22","slug":"disque-156-coronavirus-retoma-atendimento-por-chat","status":"publish","type":"post","link":"https:\/\/tvtecjundiai.com.br\/news\/2021\/01\/25\/disque-156-coronavirus-retoma-atendimento-por-chat\/","title":{"rendered":"Disque 156 Coronav\u00edrus retoma atendimento por \u2018chat\u2019"},"content":{"rendered":"\n<p>Com o regresso da Regi\u00e3o de Sa\u00fade de Campinas \u2013 em que Jundia\u00ed est\u00e1 inserida \u2013 para a Fase Laranja do Plano S\u00e3o Paulo de Retomada Econ\u00f4mica do Governo do Estado de S\u00e3o Paulo, o servi\u00e7o de \u2018chat\u2019 do Disque 156 Coronav\u00edrus da Prefeitura de Jundia\u00ed \u00e9 retomado, das 8h \u00e0s 17h, de segunda a sexta-feira.<\/p>\n\n\n\n<div class=\"wp-block-image\"><figure class=\"alignright size-large is-resized\"><a href=\"https:\/\/tvtecjundiai.com.br\/news\/wp-content\/uploads\/sites\/2\/2021\/01\/disque_coronavirus-63-1280x854-1.jpg\"><img loading=\"lazy\" decoding=\"async\" src=\"https:\/\/tvtecjundiai.com.br\/news\/wp-content\/uploads\/sites\/2\/2021\/01\/disque_coronavirus-63-1280x854-1-1200x801.jpg\" alt=\"\" class=\"wp-image-70648\" width=\"352\" height=\"235\" srcset=\"https:\/\/tvtecjundiai.com.br\/news\/wp-content\/uploads\/sites\/2\/2021\/01\/disque_coronavirus-63-1280x854-1-1200x801.jpg 1200w, https:\/\/tvtecjundiai.com.br\/news\/wp-content\/uploads\/sites\/2\/2021\/01\/disque_coronavirus-63-1280x854-1-300x200.jpg 300w, https:\/\/tvtecjundiai.com.br\/news\/wp-content\/uploads\/sites\/2\/2021\/01\/disque_coronavirus-63-1280x854-1-768x512.jpg 768w, https:\/\/tvtecjundiai.com.br\/news\/wp-content\/uploads\/sites\/2\/2021\/01\/disque_coronavirus-63-1280x854-1.jpg 1280w\" sizes=\"auto, (max-width: 352px) 100vw, 352px\" \/><\/a><figcaption>Atendimentos \u00e9 feito por t\u00e9cnicos da Unidade de Gest\u00e3o de Promo\u00e7\u00e3o da Sa\u00fade<\/figcaption><\/figure><\/div>\n\n\n\n<p>A partir de segunda-feira (25), al\u00e9m do atendimento via telefone (156), os mun\u00edcipes com d\u00favidas em rela\u00e7\u00e3o \u00e0 pandemia, servi\u00e7os para atendimento, sintomas entre outras informa\u00e7\u00f5es relativas \u00e0 COVID-19, podem acessar pelo portal da Prefeitura de Jundia\u00ed, a p\u00e1gina\u00a0<a href=\"https:\/\/jundiai.sp.gov.br\/coronavirus\/\">Coronav\u00edrus<\/a>, ou pelo App Jundia\u00ed.<\/p>\n\n\n\n<p>Segundo o gestor da Unidade de Gest\u00e3o de Promo\u00e7\u00e3o da Sa\u00fade (UGPS), Tiago Texera, o servi\u00e7o \u00e9 mais uma facilidade para o acesso \u00e0 informa\u00e7\u00e3o com qualidade pela popula\u00e7\u00e3o. \u201cContamos com profissionais como m\u00e9dicos, odont\u00f3logos e enfermeiros para dar total assist\u00eancia para as pessoas que tenham d\u00favidas em rela\u00e7\u00e3o ao v\u00edrus Sars-CoV-2 e suas complica\u00e7\u00f5es\u201d, comenta.<\/p>\n\n\n\n<p>O servi\u00e7o, desenvolvido pela Companhia de Inform\u00e1tica de Jundia\u00ed \u2013 Cijun, recebeu mais de 65,5 mil liga\u00e7\u00f5es ao longo do ano passado e, somente nos primeiros 20 dias de janeiro, 2 mil liga\u00e7\u00f5es.<\/p>\n\n\n\n<p><em>(Fonte\/Foto: Prefeitura de Jundia\u00ed)<\/em><\/p>\n","protected":false},"excerpt":{"rendered":"<p>Atendimentos \u00e9 feito por t\u00e9cnicos da Unidade de Gest\u00e3o de Promo\u00e7\u00e3o da Sa\u00fade<\/p>\n","protected":false},"author":14,"featured_media":70648,"comment_status":"closed","ping_status":"closed","sticky":false,"template":"","format":"standard","meta":{"footnotes":""},"categories":[29,1,2839],"tags":[7289,5,6511],"class_list":["post-70647","post","type-post","status-publish","format-standard","has-post-thumbnail","hentry","category-destaque","category-noticias","category-saude","tag-disque-156","tag-jundiai","tag-pandemia"],"_links":{"self":[{"href":"https:\/\/tvtecjundiai.com.br\/news\/wp-json\/wp\/v2\/posts\/70647","targetHints":{"allow":["GET"]}}],"collection":[{"href":"https:\/\/tvtecjundiai.com.br\/news\/wp-json\/wp\/v2\/posts"}],"about":[{"href":"https:\/\/tvtecjundiai.com.br\/news\/wp-json\/wp\/v2\/types\/post"}],"author":[{"embeddable":true,"href":"https:\/\/tvtecjundiai.com.br\/news\/wp-json\/wp\/v2\/users\/14"}],"replies":[{"embeddable":true,"href":"https:\/\/tvtecjundiai.com.br\/news\/wp-json\/wp\/v2\/comments?post=70647"}],"version-history":[{"count":1,"href":"https:\/\/tvtecjundiai.com.br\/news\/wp-json\/wp\/v2\/posts\/70647\/revisions"}],"predecessor-version":[{"id":70649,"href":"https:\/\/tvtecjundiai.com.br\/news\/wp-json\/wp\/v2\/posts\/70647\/revisions\/70649"}],"wp:featuredmedia":[{"embeddable":true,"href":"https:\/\/tvtecjundiai.com.br\/news\/wp-json\/wp\/v2\/media\/70648"}],"wp:attachment":[{"href":"https:\/\/tvtecjundiai.com.br\/news\/wp-json\/wp\/v2\/media?parent=70647"}],"wp:term":[{"taxonomy":"category","embeddable":true,"href":"https:\/\/tvtecjundiai.com.br\/news\/wp-json\/wp\/v2\/categories?post=70647"},{"taxonomy":"post_tag","embeddable":true,"href":"https:\/\/tvtecjundiai.com.br\/news\/wp-json\/wp\/v2\/tags?post=70647"}],"curies":[{"name":"wp","href":"https:\/\/api.w.org\/{rel}","templated":true}]}}