{"id":70666,"date":"2021-01-25T15:52:04","date_gmt":"2021-01-25T18:52:04","guid":{"rendered":"https:\/\/tvtecjundiai.com.br\/news\/?p=70666"},"modified":"2021-01-25T15:52:04","modified_gmt":"2021-01-25T18:52:04","slug":"jundiai-comeca-a-aplicar-medidas-da-fase-laranja-do-plano-sp","status":"publish","type":"post","link":"https:\/\/tvtecjundiai.com.br\/news\/2021\/01\/25\/jundiai-comeca-a-aplicar-medidas-da-fase-laranja-do-plano-sp\/","title":{"rendered":"Jundia\u00ed come\u00e7a a aplicar medidas da fase laranja do Plano SP"},"content":{"rendered":"\n<p>As regras da fase laranja do Plano S\u00e3o Paulo come\u00e7am a valer a partir de hoje (25) em Jundia\u00ed. O an\u00fancio da regress\u00e3o de fase no plano de flexibiliza\u00e7\u00e3o econ\u00f4mica\u00a0foi feito pelo governador Jo\u00e3o Doria (PSDB) na sexta-feira (22).<\/p>\n\n\n\n<p>Com as novas mudan\u00e7as no plano, a cidade deve seguir as regras da fase laranja nos dias \u00fateis, das 6h \u00e0s 20h. Durante a noite, ap\u00f3s as 20h e at\u00e9 as 6h,\u00a0devem ser seguidas as regras da fase vermelha. J\u00e1 aos s\u00e1bados, domingos e feriados, as regras da fase mais restritiva\u00a0prevalecem durante todo o dia.<\/p>\n\n\n\n<div class=\"wp-block-image\"><figure class=\"alignright size-large is-resized\"><a href=\"https:\/\/tvtecjundiai.com.br\/news\/wp-content\/uploads\/sites\/2\/2021\/01\/faseamarela-1.jpg\"><img loading=\"lazy\" decoding=\"async\" src=\"https:\/\/tvtecjundiai.com.br\/news\/wp-content\/uploads\/sites\/2\/2021\/01\/faseamarela-1-1200x800.jpg\" alt=\"\" class=\"wp-image-70667\" width=\"363\" height=\"242\" srcset=\"https:\/\/tvtecjundiai.com.br\/news\/wp-content\/uploads\/sites\/2\/2021\/01\/faseamarela-1-1200x800.jpg 1200w, https:\/\/tvtecjundiai.com.br\/news\/wp-content\/uploads\/sites\/2\/2021\/01\/faseamarela-1-300x200.jpg 300w, https:\/\/tvtecjundiai.com.br\/news\/wp-content\/uploads\/sites\/2\/2021\/01\/faseamarela-1-768x512.jpg 768w, https:\/\/tvtecjundiai.com.br\/news\/wp-content\/uploads\/sites\/2\/2021\/01\/faseamarela-1.jpg 1280w\" sizes=\"auto, (max-width: 363px) 100vw, 363px\" \/><\/a><figcaption>Governo de SP adotou medidas emergenciais para conter a pandemia<\/figcaption><\/figure><\/div>\n\n\n\n<p>As restri\u00e7\u00f5es \u00e0 noite e durante os fins de semana\u00a0valem at\u00e9, pelo menos, 8 de fevereiro. Al\u00e9m disso, o Governo de S\u00e3o Paulo adotou algumas medidas emergenciais para tentar conter a pandemia.\u00a0S\u00e3o elas:<\/p>\n\n\n\n<ul class=\"wp-block-list\"><li>Endurecimento do par\u00e2metro da taxa de ocupa\u00e7\u00e3o de UTI Covid para a fase vermelha: de 80% para 75%;<\/li><li>Nenhuma regional de sa\u00fade ser\u00e1 classificada nas fases amarela e verde at\u00e9 08\/02.<\/li><\/ul>\n\n\n\n<p>Na fase laranja,&nbsp;que deve ser seguida de segunda a sexta-feira, das 6h \u00e0s 20h, podem funcionar com restri\u00e7\u00f5es os seguintes servi\u00e7os:<\/p>\n\n\n\n<ul class=\"wp-block-list\"><li>Shoppings e com\u00e9rcio de rua &#8211; oito horas por dia at\u00e9 20h e com 40% da capacidade;<\/li><li>Restaurantes &#8211; consumo no local apenas para clientes sentados, at\u00e9 20h e com 40% da capacidade;<\/li><li>Sal\u00f5es de beleza &#8211; at\u00e9 20h e com 40% da capacidade;<\/li><li>Academias &#8211; aulas individuais, com agendamento, at\u00e9 20h e com 40% da capacidade;<\/li><li>Atividades culturais e eventos &#8211; p\u00fablico sentado, com distanciamento, controle de acesso e hora marcada, at\u00e9 20h, com 40% da capacidade.<\/li><\/ul>\n\n\n\n<p>J\u00e1 na fase vermelha,\u00a0que deve ser seguida das 20h at\u00e9 as 6h de segunda a sexta-feira, e durante todo o dia aos s\u00e1bados, domingos e feriados, podem funcionar somente os servi\u00e7os considerados essenciais.\u00a0S\u00e3o eles:<\/p>\n\n\n\n<ul class=\"wp-block-list\"><li>Farm\u00e1cias;<\/li><li>Mercados;<\/li><li>Padarias;<\/li><li>A\u00e7ougues;<\/li><li>Postos de combust\u00edveis;<\/li><li>Lavanderias;<\/li><li>Meios de transporte coletivo, como \u00f4nibus, trens e metr\u00f4;<\/li><li>Transportadoras, oficinas de ve\u00edculos;<\/li><li>Atividades religiosas;<\/li><li>Hot\u00e9is, pousadas e outros servi\u00e7os de hotelaria;<\/li><li>Bancos;<\/li><li>Pet shops;<\/li><li>Servi\u00e7os de delivery ou entregas.<\/li><\/ul>\n\n\n\n<p>Para mais informa\u00e7\u00f5es sobre o enfrentamento ao Coronav\u00edrus na cidade, acesse <a rel=\"noreferrer noopener\" href=\"https:\/\/jundiai.sp.gov.br\/coronavirus\/\" target=\"_blank\">https:\/\/jundiai.sp.gov.br\/coronavirus\/<\/a>.<\/p>\n\n\n\n<p><em>(Fonte: G1\/Foto: Prefeitura de Jundia\u00ed)<\/em><\/p>\n","protected":false},"excerpt":{"rendered":"<p>Governo de SP adotou medidas emergenciais para conter a pandemia<\/p>\n","protected":false},"author":14,"featured_media":70667,"comment_status":"closed","ping_status":"closed","sticky":false,"template":"","format":"standard","meta":{"footnotes":""},"categories":[29,1,2839],"tags":[6242,8302,5,6511,7678],"class_list":["post-70666","post","type-post","status-publish","format-standard","has-post-thumbnail","hentry","category-destaque","category-noticias","category-saude","tag-coronavirus","tag-fase-laranja","tag-jundiai","tag-pandemia","tag-plano-sao-paulo"],"_links":{"self":[{"href":"https:\/\/tvtecjundiai.com.br\/news\/wp-json\/wp\/v2\/posts\/70666","targetHints":{"allow":["GET"]}}],"collection":[{"href":"https:\/\/tvtecjundiai.com.br\/news\/wp-json\/wp\/v2\/posts"}],"about":[{"href":"https:\/\/tvtecjundiai.com.br\/news\/wp-json\/wp\/v2\/types\/post"}],"author":[{"embeddable":true,"href":"https:\/\/tvtecjundiai.com.br\/news\/wp-json\/wp\/v2\/users\/14"}],"replies":[{"embeddable":true,"href":"https:\/\/tvtecjundiai.com.br\/news\/wp-json\/wp\/v2\/comments?post=70666"}],"version-history":[{"count":1,"href":"https:\/\/tvtecjundiai.com.br\/news\/wp-json\/wp\/v2\/posts\/70666\/revisions"}],"predecessor-version":[{"id":70668,"href":"https:\/\/tvtecjundiai.com.br\/news\/wp-json\/wp\/v2\/posts\/70666\/revisions\/70668"}],"wp:featuredmedia":[{"embeddable":true,"href":"https:\/\/tvtecjundiai.com.br\/news\/wp-json\/wp\/v2\/media\/70667"}],"wp:attachment":[{"href":"https:\/\/tvtecjundiai.com.br\/news\/wp-json\/wp\/v2\/media?parent=70666"}],"wp:term":[{"taxonomy":"category","embeddable":true,"href":"https:\/\/tvtecjundiai.com.br\/news\/wp-json\/wp\/v2\/categories?post=70666"},{"taxonomy":"post_tag","embeddable":true,"href":"https:\/\/tvtecjundiai.com.br\/news\/wp-json\/wp\/v2\/tags?post=70666"}],"curies":[{"name":"wp","href":"https:\/\/api.w.org\/{rel}","templated":true}]}}