{"id":70850,"date":"2021-01-29T10:14:04","date_gmt":"2021-01-29T13:14:04","guid":{"rendered":"https:\/\/tvtecjundiai.com.br\/news\/?p=70850"},"modified":"2021-01-29T10:14:04","modified_gmt":"2021-01-29T13:14:04","slug":"poupatempo-estara-fechado-nos-proximos-sabados","status":"publish","type":"post","link":"https:\/\/tvtecjundiai.com.br\/news\/2021\/01\/29\/poupatempo-estara-fechado-nos-proximos-sabados\/","title":{"rendered":"Poupatempo estar\u00e1 fechado nos pr\u00f3ximos s\u00e1bados"},"content":{"rendered":"\n<p>Nos dois pr\u00f3ximos s\u00e1bados, 30\/01 e 06\/02, todos os 81 postos do Poupatempo, incluindo os localizados em cidades que est\u00e3o na fase laranja do Plano S\u00e3o Paulo, estar\u00e3o fechados, como medida de preven\u00e7\u00e3o \u00e0 Covid-19. Os agendamentos realizados para estas datas est\u00e3o automaticamente cancelados.<\/p>\n\n\n\n<div class=\"wp-block-image\"><figure class=\"alignright size-large is-resized\"><a href=\"https:\/\/tvtecjundiai.com.br\/news\/wp-content\/uploads\/sites\/2\/2021\/01\/IMG_2956.jpg\"><img loading=\"lazy\" decoding=\"async\" src=\"https:\/\/tvtecjundiai.com.br\/news\/wp-content\/uploads\/sites\/2\/2021\/01\/IMG_2956-1200x900.jpg\" alt=\"\" class=\"wp-image-70851\" width=\"342\" height=\"257\" srcset=\"https:\/\/tvtecjundiai.com.br\/news\/wp-content\/uploads\/sites\/2\/2021\/01\/IMG_2956-1200x900.jpg 1200w, https:\/\/tvtecjundiai.com.br\/news\/wp-content\/uploads\/sites\/2\/2021\/01\/IMG_2956-300x225.jpg 300w, https:\/\/tvtecjundiai.com.br\/news\/wp-content\/uploads\/sites\/2\/2021\/01\/IMG_2956-768x576.jpg 768w, https:\/\/tvtecjundiai.com.br\/news\/wp-content\/uploads\/sites\/2\/2021\/01\/IMG_2956.jpg 1280w\" sizes=\"auto, (max-width: 342px) 100vw, 342px\" \/><\/a><figcaption>Agendamentos realizados para estas datas est\u00e3o automaticamente cancelados<\/figcaption><\/figure><\/div>\n\n\n\n<p>A mudan\u00e7a segue a determina\u00e7\u00e3o do Governo de S\u00e3o Paulo que inclui todo o Estado na fase vermelha do plano aos finais de semana. A medida \u00e9 v\u00e1lida at\u00e9 8 de fevereiro, quando nova reclassifica\u00e7\u00e3o das regi\u00f5es deve ser anunciada.<\/p>\n\n\n\n<p>Os 53 postos que est\u00e3o em munic\u00edpios da fase laranja permanecem funcionando de segunda a sexta, no hor\u00e1rio habitual, mediante agendamento, que pode ser feito pelo <a href=\"http:\/\/www.poupatempo.sp.gov.br\" target=\"_blank\" rel=\"noreferrer noopener\">portal\u00a0<\/a>ou aplicativo Poupatempo Digital. As unidades atendem com capacidade reduzida e seguindo os protocolos sanit\u00e1rios de combate \u00e0 pandemia.\u00a0<\/p>\n\n\n\n<p>J\u00e1 os 28 postos localizados em regi\u00f5es que est\u00e3o na fase vermelha, permanecem fechados at\u00e9 pr\u00f3xima atualiza\u00e7\u00e3o do Plano S\u00e3o Paulo.<\/p>\n\n\n\n<p><em>(Fonte: Poupatempo\/Foto: Equipe TVTEC)<\/em><\/p>\n","protected":false},"excerpt":{"rendered":"<p>Agendamentos realizados para estas datas est\u00e3o automaticamente cancelados<\/p>\n","protected":false},"author":14,"featured_media":70851,"comment_status":"closed","ping_status":"closed","sticky":false,"template":"","format":"standard","meta":{"footnotes":""},"categories":[1],"tags":[5,8311,8310],"class_list":["post-70850","post","type-post","status-publish","format-standard","has-post-thumbnail","hentry","category-noticias","tag-jundiai","tag-plano-sp","tag-poupatempo-jundiai"],"_links":{"self":[{"href":"https:\/\/tvtecjundiai.com.br\/news\/wp-json\/wp\/v2\/posts\/70850","targetHints":{"allow":["GET"]}}],"collection":[{"href":"https:\/\/tvtecjundiai.com.br\/news\/wp-json\/wp\/v2\/posts"}],"about":[{"href":"https:\/\/tvtecjundiai.com.br\/news\/wp-json\/wp\/v2\/types\/post"}],"author":[{"embeddable":true,"href":"https:\/\/tvtecjundiai.com.br\/news\/wp-json\/wp\/v2\/users\/14"}],"replies":[{"embeddable":true,"href":"https:\/\/tvtecjundiai.com.br\/news\/wp-json\/wp\/v2\/comments?post=70850"}],"version-history":[{"count":1,"href":"https:\/\/tvtecjundiai.com.br\/news\/wp-json\/wp\/v2\/posts\/70850\/revisions"}],"predecessor-version":[{"id":70852,"href":"https:\/\/tvtecjundiai.com.br\/news\/wp-json\/wp\/v2\/posts\/70850\/revisions\/70852"}],"wp:featuredmedia":[{"embeddable":true,"href":"https:\/\/tvtecjundiai.com.br\/news\/wp-json\/wp\/v2\/media\/70851"}],"wp:attachment":[{"href":"https:\/\/tvtecjundiai.com.br\/news\/wp-json\/wp\/v2\/media?parent=70850"}],"wp:term":[{"taxonomy":"category","embeddable":true,"href":"https:\/\/tvtecjundiai.com.br\/news\/wp-json\/wp\/v2\/categories?post=70850"},{"taxonomy":"post_tag","embeddable":true,"href":"https:\/\/tvtecjundiai.com.br\/news\/wp-json\/wp\/v2\/tags?post=70850"}],"curies":[{"name":"wp","href":"https:\/\/api.w.org\/{rel}","templated":true}]}}