{"id":71035,"date":"2021-02-04T10:06:47","date_gmt":"2021-02-04T13:06:47","guid":{"rendered":"https:\/\/tvtecjundiai.com.br\/news\/?p=71035"},"modified":"2021-02-04T10:06:47","modified_gmt":"2021-02-04T13:06:47","slug":"governo-de-sp-suspende-fase-vermelha-nos-finais-de-semana","status":"publish","type":"post","link":"https:\/\/tvtecjundiai.com.br\/news\/2021\/02\/04\/governo-de-sp-suspende-fase-vermelha-nos-finais-de-semana\/","title":{"rendered":"Governo de SP suspende Fase Vermelha nos finais de semana"},"content":{"rendered":"\n<p>O governo de S\u00e3o Paulo decidiu\u00a0ontem (03) revogar o decreto que colocava o estado paulista na Fase 1-Vermelha aos finais de semana e tamb\u00e9m ap\u00f3s as 20h nos dias \u00fateis. Isso ocorreu ap\u00f3s ter ocorrido nesta semana uma leve queda\u00a0nas interna\u00e7\u00f5es e \u00f3bitos provocados pelo Coronav\u00edrus.\u00a0<img decoding=\"async\" src=\"https:\/\/agenciabrasil.ebc.com.br\/ebc.png?id=1400437&amp;o=node\"><img decoding=\"async\" src=\"https:\/\/agenciabrasil.ebc.com.br\/ebc.gif?id=1400437&amp;o=node\"><\/p>\n\n\n\n<p>A medida, que fechava as atividades n\u00e3o essenciais no per\u00edodo,\u00a0passou a vigorar no dia\u00a025 de janeiro. A princ\u00edpio, valeria at\u00e9 o dia\u00a07 de fevereiro, mas agora a restri\u00e7\u00e3o noturna est\u00e1 suspensa e\u00a0o com\u00e9rcio pode\u00a0reabrir nas cidades paulistas que est\u00e3o classificadas a partir da Fase Laranja do Plano S\u00e3o Paulo j\u00e1 neste final de semana.\u00a0A classifica\u00e7\u00e3o das regi\u00f5es dentro do Plano S\u00e3o Paulo n\u00e3o sofreu altera\u00e7\u00e3o.\u00a0<\/p>\n\n\n\n<div class=\"wp-block-image is-style-default\"><figure class=\"alignright size-large is-resized\"><a href=\"https:\/\/tvtecjundiai.com.br\/news\/wp-content\/uploads\/sites\/2\/2021\/02\/vista1.jpg\"><img loading=\"lazy\" decoding=\"async\" src=\"https:\/\/tvtecjundiai.com.br\/news\/wp-content\/uploads\/sites\/2\/2021\/02\/vista1.jpg\" alt=\"\" class=\"wp-image-71054\" width=\"356\" height=\"265\" srcset=\"https:\/\/tvtecjundiai.com.br\/news\/wp-content\/uploads\/sites\/2\/2021\/02\/vista1.jpg 1024w, https:\/\/tvtecjundiai.com.br\/news\/wp-content\/uploads\/sites\/2\/2021\/02\/vista1-300x224.jpg 300w, https:\/\/tvtecjundiai.com.br\/news\/wp-content\/uploads\/sites\/2\/2021\/02\/vista1-768x573.jpg 768w\" sizes=\"auto, (max-width: 356px) 100vw, 356px\" \/><\/a><figcaption>Fase tamb\u00e9m foi suspensa ap\u00f3s as 20h nos dias \u00fateis<\/figcaption><\/figure><\/div>\n\n\n\n<p>Atualmente, o estado de S\u00e3o Paulo tem seis regi\u00f5es na Fase 1-Vermelha: Barretos, Franca, Ribeir\u00e3o Preto, Mar\u00edlia, Bauru e Taubat\u00e9. Nesta fase, essas regi\u00f5es s\u00f3 podem abrir os servi\u00e7os considerados essenciais de log\u00edstica, sa\u00fade, seguran\u00e7a e abastecimento.&nbsp;<\/p>\n\n\n\n<p>O restante do estado, que inclui a capital paulista e a Grande S\u00e3o Paulo, est\u00e1 na Fase 2-Laranja, onde academias, sal\u00f5es de beleza, restaurantes, cinemas, teatros, shoppings, concession\u00e1rias, escrit\u00f3rios e parques estaduais podem funcionar por oito horas di\u00e1rias, com atendimento presencial limitado a 40% e encerramento \u00e0s 20h. O consumo local em bares est\u00e1 proibido na Fase Laranja.<\/p>\n\n\n\n<p>O Plano S\u00e3o Paulo \u00e9 dividido em cinco fases que v\u00e3o do n\u00edvel m\u00e1ximo de restri\u00e7\u00e3o de atividades n\u00e3o essenciais (vermelho) a etapas identificadas como controle (laranja), flexibiliza\u00e7\u00e3o (amarelo), abertura parcial (verde) e normal controlado (azul).<\/p>\n\n\n\n<p>O plano divide o estado em 17 regi\u00f5es e cada uma delas \u00e9 classificada em uma fase do plano, dependendo de fatores com capacidade do sistema de sa\u00fade e a evolu\u00e7\u00e3o da epidemia.<\/p>\n\n\n\n<p><em>(Fonte: Ag\u00eancia Brasil\/Foto: Prefeitura de Jundia\u00ed)<\/em><\/p>\n","protected":false},"excerpt":{"rendered":"<p>Fase tamb\u00e9m foi suspensa ap\u00f3s as 20h nos dias \u00fateis<\/p>\n","protected":false},"author":14,"featured_media":71054,"comment_status":"closed","ping_status":"closed","sticky":false,"template":"","format":"standard","meta":{"footnotes":""},"categories":[2834,29,1,2839],"tags":[8302,7496,5,8311],"class_list":["post-71035","post","type-post","status-publish","format-standard","has-post-thumbnail","hentry","category-cidades","category-destaque","category-noticias","category-saude","tag-fase-laranja","tag-fase-vermelha","tag-jundiai","tag-plano-sp"],"_links":{"self":[{"href":"https:\/\/tvtecjundiai.com.br\/news\/wp-json\/wp\/v2\/posts\/71035","targetHints":{"allow":["GET"]}}],"collection":[{"href":"https:\/\/tvtecjundiai.com.br\/news\/wp-json\/wp\/v2\/posts"}],"about":[{"href":"https:\/\/tvtecjundiai.com.br\/news\/wp-json\/wp\/v2\/types\/post"}],"author":[{"embeddable":true,"href":"https:\/\/tvtecjundiai.com.br\/news\/wp-json\/wp\/v2\/users\/14"}],"replies":[{"embeddable":true,"href":"https:\/\/tvtecjundiai.com.br\/news\/wp-json\/wp\/v2\/comments?post=71035"}],"version-history":[{"count":2,"href":"https:\/\/tvtecjundiai.com.br\/news\/wp-json\/wp\/v2\/posts\/71035\/revisions"}],"predecessor-version":[{"id":71055,"href":"https:\/\/tvtecjundiai.com.br\/news\/wp-json\/wp\/v2\/posts\/71035\/revisions\/71055"}],"wp:featuredmedia":[{"embeddable":true,"href":"https:\/\/tvtecjundiai.com.br\/news\/wp-json\/wp\/v2\/media\/71054"}],"wp:attachment":[{"href":"https:\/\/tvtecjundiai.com.br\/news\/wp-json\/wp\/v2\/media?parent=71035"}],"wp:term":[{"taxonomy":"category","embeddable":true,"href":"https:\/\/tvtecjundiai.com.br\/news\/wp-json\/wp\/v2\/categories?post=71035"},{"taxonomy":"post_tag","embeddable":true,"href":"https:\/\/tvtecjundiai.com.br\/news\/wp-json\/wp\/v2\/tags?post=71035"}],"curies":[{"name":"wp","href":"https:\/\/api.w.org\/{rel}","templated":true}]}}