{"id":71121,"date":"2021-02-05T15:07:15","date_gmt":"2021-02-05T18:07:15","guid":{"rendered":"https:\/\/tvtecjundiai.com.br\/news\/?p=71121"},"modified":"2021-02-05T15:18:03","modified_gmt":"2021-02-05T18:18:03","slug":"jundiai-avanca-para-a-fase-amarela-do-plano-sp","status":"publish","type":"post","link":"https:\/\/tvtecjundiai.com.br\/news\/2021\/02\/05\/jundiai-avanca-para-a-fase-amarela-do-plano-sp\/","title":{"rendered":"Jundia\u00ed avan\u00e7a para a fase amarela do Plano SP"},"content":{"rendered":"\n<div class=\"wp-block-image\"><figure class=\"alignright size-large is-resized\"><a href=\"https:\/\/tvtecjundiai.com.br\/news\/wp-content\/uploads\/sites\/2\/2021\/02\/praca_matriz_aerea-1280x960-1.jpg\"><img loading=\"lazy\" decoding=\"async\" src=\"https:\/\/tvtecjundiai.com.br\/news\/wp-content\/uploads\/sites\/2\/2021\/02\/praca_matriz_aerea-1280x960-1-1200x900.jpg\" alt=\"\" class=\"wp-image-71122\" width=\"355\" height=\"266\" srcset=\"https:\/\/tvtecjundiai.com.br\/news\/wp-content\/uploads\/sites\/2\/2021\/02\/praca_matriz_aerea-1280x960-1-1200x900.jpg 1200w, https:\/\/tvtecjundiai.com.br\/news\/wp-content\/uploads\/sites\/2\/2021\/02\/praca_matriz_aerea-1280x960-1-300x225.jpg 300w, https:\/\/tvtecjundiai.com.br\/news\/wp-content\/uploads\/sites\/2\/2021\/02\/praca_matriz_aerea-1280x960-1-768x576.jpg 768w, https:\/\/tvtecjundiai.com.br\/news\/wp-content\/uploads\/sites\/2\/2021\/02\/praca_matriz_aerea-1280x960-1.jpg 1280w\" sizes=\"auto, (max-width: 355px) 100vw, 355px\" \/><\/a><figcaption>Mudan\u00e7a foi anunciada pelo governador Jo\u00e3o Doria nesta sexta (5)<\/figcaption><\/figure><\/div>\n\n\n\n<p>Jundia\u00ed, que faz parte da regi\u00e3o de Campinas, avan\u00e7ou para a fase amarela do plano de flexibiliza\u00e7\u00e3o econ\u00f4mica do Governo do Estado de S\u00e3o Paulo. A mudan\u00e7a foi anunciada pelo governador Jo\u00e3o Doria (PSDB) nesta sexta-feira (5). <\/p>\n\n\n\n<p>Na fase fase amarela, com\u00e9rcios, bares e restaurantes s\u00e3o permitidos a funcionar at\u00e9 22h. A nova reclassifica\u00e7\u00e3o do Plano S\u00e3o Paulo passa a valer j\u00e1 neste s\u00e1bado (6). Confira o que pode funcionar na Fase Amarela:<\/p>\n\n\n\n<ul class=\"wp-block-list\"><li>A capacidade m\u00e1xima passa a ser limitada a 40% de ocupa\u00e7\u00e3o para todos os setores. Antes, o percentual variava por setor: academias podiam operar com apenas 30% da ocupa\u00e7\u00e3o, por exemplo.<\/li><\/ul>\n\n\n\n<ul class=\"wp-block-list\"><li>O atendimento presencial ao p\u00fablico pode ser feito apenas at\u00e9 as 22h, em todos os setores, exceto no setor de bares, que pode funcionar at\u00e9 as 20h.<\/li><\/ul>\n\n\n\n<ul class=\"wp-block-list\"><li>O hor\u00e1rio de funcionamento passa a ser limitado a 10 horas por dia para todos os setores. Antes, o hor\u00e1rio variava por setor.<\/li><\/ul>\n\n\n\n<p><em>(Fonte: G1\/Foto: Prefeitura de Jundia\u00ed)<\/em><\/p>\n","protected":false},"excerpt":{"rendered":"<p>Mudan\u00e7a foi anunciada pelo governador Jo\u00e3o Doria nesta sexta (5)<\/p>\n","protected":false},"author":14,"featured_media":71122,"comment_status":"closed","ping_status":"closed","sticky":false,"template":"","format":"standard","meta":{"footnotes":""},"categories":[2834,29,1],"tags":[6242,7901,5,8311],"class_list":["post-71121","post","type-post","status-publish","format-standard","has-post-thumbnail","hentry","category-cidades","category-destaque","category-noticias","tag-coronavirus","tag-fase-amarela","tag-jundiai","tag-plano-sp"],"_links":{"self":[{"href":"https:\/\/tvtecjundiai.com.br\/news\/wp-json\/wp\/v2\/posts\/71121","targetHints":{"allow":["GET"]}}],"collection":[{"href":"https:\/\/tvtecjundiai.com.br\/news\/wp-json\/wp\/v2\/posts"}],"about":[{"href":"https:\/\/tvtecjundiai.com.br\/news\/wp-json\/wp\/v2\/types\/post"}],"author":[{"embeddable":true,"href":"https:\/\/tvtecjundiai.com.br\/news\/wp-json\/wp\/v2\/users\/14"}],"replies":[{"embeddable":true,"href":"https:\/\/tvtecjundiai.com.br\/news\/wp-json\/wp\/v2\/comments?post=71121"}],"version-history":[{"count":2,"href":"https:\/\/tvtecjundiai.com.br\/news\/wp-json\/wp\/v2\/posts\/71121\/revisions"}],"predecessor-version":[{"id":71124,"href":"https:\/\/tvtecjundiai.com.br\/news\/wp-json\/wp\/v2\/posts\/71121\/revisions\/71124"}],"wp:featuredmedia":[{"embeddable":true,"href":"https:\/\/tvtecjundiai.com.br\/news\/wp-json\/wp\/v2\/media\/71122"}],"wp:attachment":[{"href":"https:\/\/tvtecjundiai.com.br\/news\/wp-json\/wp\/v2\/media?parent=71121"}],"wp:term":[{"taxonomy":"category","embeddable":true,"href":"https:\/\/tvtecjundiai.com.br\/news\/wp-json\/wp\/v2\/categories?post=71121"},{"taxonomy":"post_tag","embeddable":true,"href":"https:\/\/tvtecjundiai.com.br\/news\/wp-json\/wp\/v2\/tags?post=71121"}],"curies":[{"name":"wp","href":"https:\/\/api.w.org\/{rel}","templated":true}]}}