{"id":71455,"date":"2021-02-14T14:12:51","date_gmt":"2021-02-14T17:12:51","guid":{"rendered":"https:\/\/tvtecjundiai.com.br\/news\/?p=71455"},"modified":"2021-02-14T14:12:51","modified_gmt":"2021-02-14T17:12:51","slug":"acesso-a-avenida-uniao-dos-ferroviarios-e-alterado","status":"publish","type":"post","link":"https:\/\/tvtecjundiai.com.br\/news\/2021\/02\/14\/acesso-a-avenida-uniao-dos-ferroviarios-e-alterado\/","title":{"rendered":"Acesso \u00e0 avenida Uni\u00e3o dos Ferrovi\u00e1rios \u00e9 alterado"},"content":{"rendered":"\n<div class=\"wp-block-image\"><figure class=\"alignright size-medium is-resized\"><a href=\"https:\/\/tvtecjundiai.com.br\/news\/wp-content\/uploads\/sites\/2\/2021\/02\/mudanca-conversao-ferroviarios-94-1.jpg\"><img loading=\"lazy\" decoding=\"async\" src=\"https:\/\/tvtecjundiai.com.br\/news\/wp-content\/uploads\/sites\/2\/2021\/02\/mudanca-conversao-ferroviarios-94-1-300x200.jpg\" alt=\"\" class=\"wp-image-71456\" width=\"506\" height=\"337\" srcset=\"https:\/\/tvtecjundiai.com.br\/news\/wp-content\/uploads\/sites\/2\/2021\/02\/mudanca-conversao-ferroviarios-94-1-300x200.jpg 300w, https:\/\/tvtecjundiai.com.br\/news\/wp-content\/uploads\/sites\/2\/2021\/02\/mudanca-conversao-ferroviarios-94-1-1200x800.jpg 1200w, https:\/\/tvtecjundiai.com.br\/news\/wp-content\/uploads\/sites\/2\/2021\/02\/mudanca-conversao-ferroviarios-94-1-768x512.jpg 768w, https:\/\/tvtecjundiai.com.br\/news\/wp-content\/uploads\/sites\/2\/2021\/02\/mudanca-conversao-ferroviarios-94-1.jpg 1280w\" sizes=\"auto, (max-width: 506px) 100vw, 506px\" \/><\/a><figcaption>Convers\u00e3o passa a ser proibida a partir de ter\u00e7a-feira (16)<\/figcaption><\/figure><\/div>\n\n\n\n<p>Com a inten\u00e7\u00e3o de melhorar as condi\u00e7\u00f5es de tr\u00e2nsito, a Prefeitura de Jundia\u00ed, atrav\u00e9s da Unidade de Gest\u00e3o de Mobilidade e Transporte (UGMT), informa que a partir da pr\u00f3xima ter\u00e7a-feira (16) ser\u00e1 proibida, em fase experimental, a convers\u00e3o \u00e0 esquerda na avenida Nove de Julho, sentido avenida Uni\u00e3o dos Ferrovi\u00e1rios.<\/p>\n\n\n\n<p>Os motoristas dever\u00e3o ficar atentos \u00e0 nova sinaliza\u00e7\u00e3o implantada na regi\u00e3o. O acesso \u00e0 avenida Uni\u00e3o dos Ferrovi\u00e1rios se dar\u00e1 pela rota existente a partir da avenida Ant\u00f4nio Frederico Ozanan, passando pela rua Lu\u00eds Lopes.<\/p>\n\n\n\n<p><em>(Fonte\/Imagem: Prefeitura de Jundia\u00ed)<\/em><\/p>\n","protected":false},"excerpt":{"rendered":"<p>Motoristas dever\u00e3o ficar atentos \u00e0 nova sinaliza\u00e7\u00e3o na regi\u00e3o<\/p>\n","protected":false},"author":17,"featured_media":71456,"comment_status":"closed","ping_status":"closed","sticky":false,"template":"","format":"standard","meta":{"footnotes":""},"categories":[29,5697,1,6151],"tags":[3529,8352],"class_list":["post-71455","post","type-post","status-publish","format-standard","has-post-thumbnail","hentry","category-destaque","category-mobilidade-noticias","category-noticias","category-transito","tag-alteracao","tag-avenida-uniao-dos-ferroviarios"],"_links":{"self":[{"href":"https:\/\/tvtecjundiai.com.br\/news\/wp-json\/wp\/v2\/posts\/71455","targetHints":{"allow":["GET"]}}],"collection":[{"href":"https:\/\/tvtecjundiai.com.br\/news\/wp-json\/wp\/v2\/posts"}],"about":[{"href":"https:\/\/tvtecjundiai.com.br\/news\/wp-json\/wp\/v2\/types\/post"}],"author":[{"embeddable":true,"href":"https:\/\/tvtecjundiai.com.br\/news\/wp-json\/wp\/v2\/users\/17"}],"replies":[{"embeddable":true,"href":"https:\/\/tvtecjundiai.com.br\/news\/wp-json\/wp\/v2\/comments?post=71455"}],"version-history":[{"count":1,"href":"https:\/\/tvtecjundiai.com.br\/news\/wp-json\/wp\/v2\/posts\/71455\/revisions"}],"predecessor-version":[{"id":71457,"href":"https:\/\/tvtecjundiai.com.br\/news\/wp-json\/wp\/v2\/posts\/71455\/revisions\/71457"}],"wp:featuredmedia":[{"embeddable":true,"href":"https:\/\/tvtecjundiai.com.br\/news\/wp-json\/wp\/v2\/media\/71456"}],"wp:attachment":[{"href":"https:\/\/tvtecjundiai.com.br\/news\/wp-json\/wp\/v2\/media?parent=71455"}],"wp:term":[{"taxonomy":"category","embeddable":true,"href":"https:\/\/tvtecjundiai.com.br\/news\/wp-json\/wp\/v2\/categories?post=71455"},{"taxonomy":"post_tag","embeddable":true,"href":"https:\/\/tvtecjundiai.com.br\/news\/wp-json\/wp\/v2\/tags?post=71455"}],"curies":[{"name":"wp","href":"https:\/\/api.w.org\/{rel}","templated":true}]}}