{"id":7153,"date":"2018-03-07T10:32:47","date_gmt":"2018-03-07T13:32:47","guid":{"rendered":"https:\/\/tvtecjundiai.com.br\/news\/?p=7153"},"modified":"2018-03-07T10:34:23","modified_gmt":"2018-03-07T13:34:23","slug":"saude-prefeito-vistoria-ubs-eloy-chaves","status":"publish","type":"post","link":"https:\/\/tvtecjundiai.com.br\/news\/2018\/03\/07\/saude-prefeito-vistoria-ubs-eloy-chaves\/","title":{"rendered":"Sa\u00fade: Prefeito vistoria UBS Eloy Chaves"},"content":{"rendered":"<div id=\"attachment_7154\" style=\"width: 410px\" class=\"wp-caption alignright\"><a href=\"https:\/\/tvtecjundiai.com.br\/news\/wp-content\/uploads\/sites\/2\/2018\/03\/ubs-eloy-chaves-18.jpg\"><img loading=\"lazy\" decoding=\"async\" aria-describedby=\"caption-attachment-7154\" class=\"wp-image-7154\" src=\"https:\/\/tvtecjundiai.com.br\/news\/wp-content\/uploads\/sites\/2\/2018\/03\/ubs-eloy-chaves-18-300x206.jpg\" alt=\"\" width=\"400\" height=\"274\" srcset=\"https:\/\/tvtecjundiai.com.br\/news\/wp-content\/uploads\/sites\/2\/2018\/03\/ubs-eloy-chaves-18-300x206.jpg 300w, https:\/\/tvtecjundiai.com.br\/news\/wp-content\/uploads\/sites\/2\/2018\/03\/ubs-eloy-chaves-18-768x527.jpg 768w, https:\/\/tvtecjundiai.com.br\/news\/wp-content\/uploads\/sites\/2\/2018\/03\/ubs-eloy-chaves-18.jpg 1057w\" sizes=\"auto, (max-width: 400px) 100vw, 400px\" \/><\/a><p id=\"caption-attachment-7154\" class=\"wp-caption-text\">UBS Eloy Chaves foi vistoriada nesta ter\u00e7a-feira (06) pelo prefeito<\/p><\/div>\n<p>Com o prop\u00f3sito de providenciar a qualifica\u00e7\u00e3o necess\u00e1ria para os servi\u00e7os prestados \u00e0s pessoas, o Prefeito Luiz Fernando Machado realizou vistoria surpresa na UBS Eloy Chaves, nesta ter\u00e7a-feira (06). Foi poss\u00edvel conhecer em detalhes as instala\u00e7\u00f5es e ouvir as necessidades de quem utiliza espa\u00e7o, tanto pacientes quanto funcion\u00e1rios da sa\u00fad<strong>e.<\/strong><\/p>\n<p>A iniciativa do prefeito de vistoriar equipamentos p\u00fablicos teve in\u00edcio no ano passado. Como um dos resultados dessa iniciativa, foi entregue em janeiro a sala de atendimento odontol\u00f3gico para a Unidade B\u00e1sica de Sa\u00fade (UBS) Tarum\u00e3, demanda apresentada durante a visita.<\/p>\n<p>\u201cTemos a qualifica\u00e7\u00e3o dos servi\u00e7os p\u00fablicos como prioridade em nossa gest\u00e3o. A agenda de fiscaliza\u00e7\u00f5es continuar\u00e1 ativa para que seja poss\u00edvel ter a no\u00e7\u00e3o exata, e por parte de quem usa os servi\u00e7os, do que deve ser melhorado\u201d, comentou o prefeito.<\/p>\n<p><em>Fonte: Prefeitura de Jundia\u00ed<\/em><\/p>\n","protected":false},"excerpt":{"rendered":"<p>Foi poss\u00edvel ouvir as necessidades de quem utiliza o espa\u00e7o<\/p>\n","protected":false},"author":10,"featured_media":7156,"comment_status":"closed","ping_status":"closed","sticky":false,"template":"","format":"standard","meta":{"footnotes":""},"categories":[29,1],"tags":[396,5,6,15,2438,1615,1449],"class_list":["post-7153","post","type-post","status-publish","format-standard","has-post-thumbnail","hentry","category-destaque","category-noticias","tag-eloy-chaves","tag-jundiai","tag-saude","tag-tvtec","tag-ubs-eloy-chaves","tag-ugps","tag-unidade-de-gestao-da-promocao-da-saude-ugps"],"_links":{"self":[{"href":"https:\/\/tvtecjundiai.com.br\/news\/wp-json\/wp\/v2\/posts\/7153","targetHints":{"allow":["GET"]}}],"collection":[{"href":"https:\/\/tvtecjundiai.com.br\/news\/wp-json\/wp\/v2\/posts"}],"about":[{"href":"https:\/\/tvtecjundiai.com.br\/news\/wp-json\/wp\/v2\/types\/post"}],"author":[{"embeddable":true,"href":"https:\/\/tvtecjundiai.com.br\/news\/wp-json\/wp\/v2\/users\/10"}],"replies":[{"embeddable":true,"href":"https:\/\/tvtecjundiai.com.br\/news\/wp-json\/wp\/v2\/comments?post=7153"}],"version-history":[{"count":2,"href":"https:\/\/tvtecjundiai.com.br\/news\/wp-json\/wp\/v2\/posts\/7153\/revisions"}],"predecessor-version":[{"id":7158,"href":"https:\/\/tvtecjundiai.com.br\/news\/wp-json\/wp\/v2\/posts\/7153\/revisions\/7158"}],"wp:featuredmedia":[{"embeddable":true,"href":"https:\/\/tvtecjundiai.com.br\/news\/wp-json\/wp\/v2\/media\/7156"}],"wp:attachment":[{"href":"https:\/\/tvtecjundiai.com.br\/news\/wp-json\/wp\/v2\/media?parent=7153"}],"wp:term":[{"taxonomy":"category","embeddable":true,"href":"https:\/\/tvtecjundiai.com.br\/news\/wp-json\/wp\/v2\/categories?post=7153"},{"taxonomy":"post_tag","embeddable":true,"href":"https:\/\/tvtecjundiai.com.br\/news\/wp-json\/wp\/v2\/tags?post=7153"}],"curies":[{"name":"wp","href":"https:\/\/api.w.org\/{rel}","templated":true}]}}