{"id":71590,"date":"2021-02-19T11:00:40","date_gmt":"2021-02-19T14:00:40","guid":{"rendered":"https:\/\/tvtecjundiai.com.br\/news\/?p=71590"},"modified":"2021-02-19T11:04:18","modified_gmt":"2021-02-19T14:04:18","slug":"projeto-voa-sp-preve-investimentos-no-entorno-do-aeroporto-de-jundiai","status":"publish","type":"post","link":"https:\/\/tvtecjundiai.com.br\/news\/2021\/02\/19\/projeto-voa-sp-preve-investimentos-no-entorno-do-aeroporto-de-jundiai\/","title":{"rendered":"Projeto Voa-SP prev\u00ea investimentos no entorno do aeroporto de Jundia\u00ed"},"content":{"rendered":"\n<p>O presidente da Voa-SP, Marcel Gomes Moure, apresentou ao prefeito de Jundia\u00ed, Luiz Fernando Machado, a atualiza\u00e7\u00e3o do plano diretor de ocupa\u00e7\u00e3o da \u00e1rea do Aeroporto Estadual Comandante Rolim Adolfo Amaro, com uma proposta de investimentos no entorno do s\u00edtio aeroportu\u00e1rio. A reuni\u00e3o ocorreu na manh\u00e3 desta quinta-feira (18) no gabinete do prefeito.<\/p>\n\n\n\n<p>Segundo Moure,&nbsp;o projeto envolve a participa\u00e7\u00e3o de investidores privados em neg\u00f3cios na \u00e1rea do aeroporto, al\u00e9m dos investimentos da Voa-SP. A ocupa\u00e7\u00e3o dos espa\u00e7os dispon\u00edveis prev\u00ea investimentos em projetos da \u00e1rea de turismo, lazer, entretenimento e sa\u00fade.<\/p>\n\n\n\n<p>\u201cApoiamos investimentos que fomentem a economia local tendo como resultado mais oferta de emprego, renda e oportunidade para a popula\u00e7\u00e3o. Jundia\u00ed est\u00e1 entre as melhores cidades do Brasil para investir e esses movimentos s\u00e3o importantes, pois v\u00e3o resultar em melhorias nas condi\u00e7\u00f5es de vida das pessoas\u201d, destacou Luiz Fernando.&nbsp;<\/p>\n\n\n\n<p>Para Moure, trata-se de uma estrat\u00e9gia de crescimento das a\u00e7\u00f5es da Voa-SP na cidade de Jundia\u00ed, que traz mais qualidade nos servi\u00e7os para o morador da cidade e para o viajante que utiliza o aeroporto.<\/p>\n\n\n\n<p>A reuni\u00e3o ainda contou com a presen\u00e7a do gestor de Governo e Finan\u00e7as, Jos\u00e9 Antonio Parimoschi, do gestor de Desenvolvimento Econ\u00f4mico, Ci\u00eancia e Tecnologia, Cristiano Lopes, do assessor especial de Coopera\u00e7\u00e3o Internacional, Sami Mansour, e do vereador Antonio Carlos Albino.<\/p>\n\n\n\n<p><strong>Neutraliza\u00e7\u00e3o de Carbono<\/strong><br>O Aeroporto de Jundia\u00ed, ainda nesta quinta-feira, passou a integrar o programa de neutraliza\u00e7\u00e3o de carbono para avia\u00e7\u00e3o, sendo o primeiro da Am\u00e9rica do Sul com certificado de emiss\u00e3o de carbono. Noticia completa no <a href=\"https:\/\/tvtecjundiai.com.br\/news\/2021\/02\/18\/aeroporto-de-jundiai-e-o-primeiro-do-brasil-a-neutralizar-carbono-para-aviacao\/\">link<\/a>.<\/p>\n\n\n\n<p>(F<em>onte\/Imagem: Prefeitura de Jundia\u00ed)<\/em><\/p>\n","protected":false},"excerpt":{"rendered":"<p>O intuito \u00e9 trazer qualidade nos servi\u00e7os para o morador da cidade e para o viajante que utiliza o aeroporto<\/p>\n","protected":false},"author":24,"featured_media":71591,"comment_status":"closed","ping_status":"closed","sticky":false,"template":"","format":"standard","meta":{"footnotes":""},"categories":[8356],"tags":[],"class_list":["post-71590","post","type-post","status-publish","format-standard","has-post-thumbnail","hentry","category-jundiai"],"_links":{"self":[{"href":"https:\/\/tvtecjundiai.com.br\/news\/wp-json\/wp\/v2\/posts\/71590","targetHints":{"allow":["GET"]}}],"collection":[{"href":"https:\/\/tvtecjundiai.com.br\/news\/wp-json\/wp\/v2\/posts"}],"about":[{"href":"https:\/\/tvtecjundiai.com.br\/news\/wp-json\/wp\/v2\/types\/post"}],"author":[{"embeddable":true,"href":"https:\/\/tvtecjundiai.com.br\/news\/wp-json\/wp\/v2\/users\/24"}],"replies":[{"embeddable":true,"href":"https:\/\/tvtecjundiai.com.br\/news\/wp-json\/wp\/v2\/comments?post=71590"}],"version-history":[{"count":2,"href":"https:\/\/tvtecjundiai.com.br\/news\/wp-json\/wp\/v2\/posts\/71590\/revisions"}],"predecessor-version":[{"id":71593,"href":"https:\/\/tvtecjundiai.com.br\/news\/wp-json\/wp\/v2\/posts\/71590\/revisions\/71593"}],"wp:featuredmedia":[{"embeddable":true,"href":"https:\/\/tvtecjundiai.com.br\/news\/wp-json\/wp\/v2\/media\/71591"}],"wp:attachment":[{"href":"https:\/\/tvtecjundiai.com.br\/news\/wp-json\/wp\/v2\/media?parent=71590"}],"wp:term":[{"taxonomy":"category","embeddable":true,"href":"https:\/\/tvtecjundiai.com.br\/news\/wp-json\/wp\/v2\/categories?post=71590"},{"taxonomy":"post_tag","embeddable":true,"href":"https:\/\/tvtecjundiai.com.br\/news\/wp-json\/wp\/v2\/tags?post=71590"}],"curies":[{"name":"wp","href":"https:\/\/api.w.org\/{rel}","templated":true}]}}