{"id":7162,"date":"2018-03-07T10:48:36","date_gmt":"2018-03-07T13:48:36","guid":{"rendered":"https:\/\/tvtecjundiai.com.br\/news\/?p=7162"},"modified":"2018-03-08T11:14:54","modified_gmt":"2018-03-08T14:14:54","slug":"science-days-o-maior-da-america-latina","status":"publish","type":"post","link":"https:\/\/tvtecjundiai.com.br\/news\/2018\/03\/07\/science-days-o-maior-da-america-latina\/","title":{"rendered":"Science Days: evento j\u00e1 \u00e9 considerado maior edi\u00e7\u00e3o da Am\u00e9rica Latina"},"content":{"rendered":"<div id=\"attachment_7163\" style=\"width: 410px\" class=\"wp-caption alignright\"><a href=\"https:\/\/tvtecjundiai.com.br\/news\/wp-content\/uploads\/sites\/2\/2018\/03\/dpf2500.jpg\"><img loading=\"lazy\" decoding=\"async\" aria-describedby=\"caption-attachment-7163\" class=\"wp-image-7163\" src=\"https:\/\/tvtecjundiai.com.br\/news\/wp-content\/uploads\/sites\/2\/2018\/03\/dpf2500-300x200.jpg\" alt=\"\" width=\"400\" height=\"267\" srcset=\"https:\/\/tvtecjundiai.com.br\/news\/wp-content\/uploads\/sites\/2\/2018\/03\/dpf2500-300x200.jpg 300w, https:\/\/tvtecjundiai.com.br\/news\/wp-content\/uploads\/sites\/2\/2018\/03\/dpf2500-768x512.jpg 768w, https:\/\/tvtecjundiai.com.br\/news\/wp-content\/uploads\/sites\/2\/2018\/03\/dpf2500-1200x800.jpg 1200w, https:\/\/tvtecjundiai.com.br\/news\/wp-content\/uploads\/sites\/2\/2018\/03\/dpf2500.jpg 1280w\" sizes=\"auto, (max-width: 400px) 100vw, 400px\" \/><\/a><p id=\"caption-attachment-7163\" class=\"wp-caption-text\">\u00daltimos detalhes da estrutura est\u00e3o sendo alinhados no Parque da Uva nesta quarta-feira (7)<\/p><\/div>\n<p>\u201cEstamos contando as horas e imaginando quantas coisas novas vamos ver\u201d, comentou Abner Ramos, junto aos colegas da EMEB Rotary Club, Vit\u00f3ria Silva e Luiz Henrique dos Santos, igualmente muito empolgados. Os tr\u00eas fazem parte do grupo de mais de 6 mil alunos do sistema municipal de ensino, redes estadual e privada que participam, nesta quinta-feira (08), do Science Days, no Parque Comendador Antonio Carbonari (Parque da Uva). Pela estrutura, os t\u00e9cnicos j\u00e1 o consideram como o maior Science Days da Am\u00e9rica Latina.<\/p>\n<p>O evento, com abertura marcada para as 9h, ser\u00e1 promovido pela NASA (National Aeronautics and Space Administration) e C\u00e2mara de Com\u00e9rcio Brasil-Florida (CCBF), com patroc\u00ednio da Cijun e em parceria com a Prefeitura de Jundia\u00ed. A atividade tamb\u00e9m integra as a\u00e7\u00f5es do programa Escola Inovadora da Unidade de Gest\u00e3o de Educa\u00e7\u00e3o, que inclui, entre os seus pilares, a valoriza\u00e7\u00e3o dos educadores e o investimento em projetos com foco na aprendizagem dos alunos. A entrada \u00e9 gratuita.<\/p>\n<p>A ansiedade dos alunos \u00e9 justificada. In\u00e9dito em Jundia\u00ed, o Science Days contar\u00e1 com palestras de Jefferson Michaelis e tamb\u00e9m de Michael Lester, diretor do Kennedy Space Center de Ci\u00eancia e Tecnologia, da NASA, al\u00e9m de atra\u00e7\u00f5es cient\u00edficas, oficinas, miss\u00f5es espaciais e biotecnologia. As atra\u00e7\u00f5es estar\u00e3o distribu\u00eddas em 15 estandes, com cerca de 300 expositores de diversas institui\u00e7\u00f5es e unidades escolares p\u00fablicas e privadas. Nesta ter\u00e7a-feira (6), a montagem do espa\u00e7o entrou em fase final.<\/p>\n<div id=\"attachment_7164\" style=\"width: 310px\" class=\"wp-caption alignleft\"><a href=\"https:\/\/tvtecjundiai.com.br\/news\/wp-content\/uploads\/sites\/2\/2018\/03\/rotary_educacao-168.jpg\"><img loading=\"lazy\" decoding=\"async\" aria-describedby=\"caption-attachment-7164\" class=\"wp-image-7164\" src=\"https:\/\/tvtecjundiai.com.br\/news\/wp-content\/uploads\/sites\/2\/2018\/03\/rotary_educacao-168-300x273.jpg\" alt=\"\" width=\"300\" height=\"273\" srcset=\"https:\/\/tvtecjundiai.com.br\/news\/wp-content\/uploads\/sites\/2\/2018\/03\/rotary_educacao-168-300x273.jpg 300w, https:\/\/tvtecjundiai.com.br\/news\/wp-content\/uploads\/sites\/2\/2018\/03\/rotary_educacao-168-768x699.jpg 768w, https:\/\/tvtecjundiai.com.br\/news\/wp-content\/uploads\/sites\/2\/2018\/03\/rotary_educacao-168-1054x960.jpg 1054w, https:\/\/tvtecjundiai.com.br\/news\/wp-content\/uploads\/sites\/2\/2018\/03\/rotary_educacao-168.jpg 1240w\" sizes=\"auto, (max-width: 300px) 100vw, 300px\" \/><\/a><p id=\"caption-attachment-7164\" class=\"wp-caption-text\">Junto com a participa\u00e7\u00e3o de alunos e professores, s\u00e3o esperados visitantes, inclusive de outros munic\u00edpios<\/p><\/div>\n<p>\u201cEst\u00e1 praticamente tudo preparado. Teremos mais de 100 pessoas no receptivo e toda a infraestrutura das for\u00e7as policiais e do tr\u00e2nsito. \u00c9 um evento importante para a cidade e que integra as a\u00e7\u00f5es do programa Escola Inovadora, ao estimular o estudo e a pesquisa, disseminar novos conhecimentos e permitir o contato com outra cultura\u201d, ressalta a gestora da Unidade de Gest\u00e3o de Educa\u00e7\u00e3o, Vast\u00ed Ferrari Marques.<\/p>\n<p><strong>P\u00fablico<\/strong><\/p>\n<p>Junto com a participa\u00e7\u00e3o de alunos e professores, s\u00e3o esperados visitantes, inclusive de outros munic\u00edpios. A programa\u00e7\u00e3o vai at\u00e9 as 17h.<\/p>\n<p>\u201cSem d\u00favida, esse evento vem inovar na evolu\u00e7\u00e3o acad\u00eamica e tecnol\u00f3gica do munic\u00edpio, o que \u00e9 uma das metas do prefeito Luiz Fernando Machado, de transformar Jundia\u00ed em uma cidade digital e inteligente, com muitos avan\u00e7os\u201d, complementa o gestor da Unidade de Desenvolvimento Econ\u00f4mico, Ci\u00eancia e Tecnologia, Messias Mercadante de Castro.<\/p>\n<p>O Parque da Uva fica na avenida Jundia\u00ed, s\/n, Anhangaba\u00fa.<\/p>\n<p><em>Fonte: Prefeitura de Jundia\u00ed<\/em><\/p>\n","protected":false},"excerpt":{"rendered":"<p>S\u00e3o esperados milhares de visitantes de Jundia\u00ed e outros munic\u00edpios<\/p>\n","protected":false},"author":10,"featured_media":7163,"comment_status":"closed","ping_status":"closed","sticky":false,"template":"","format":"standard","meta":{"footnotes":""},"categories":[1],"tags":[1429,5,2200,2404,353,15],"class_list":["post-7162","post","type-post","status-publish","format-standard","has-post-thumbnail","hentry","category-noticias","tag-ciencia","tag-jundiai","tag-nasa","tag-science-days","tag-tecnologia","tag-tvtec"],"_links":{"self":[{"href":"https:\/\/tvtecjundiai.com.br\/news\/wp-json\/wp\/v2\/posts\/7162","targetHints":{"allow":["GET"]}}],"collection":[{"href":"https:\/\/tvtecjundiai.com.br\/news\/wp-json\/wp\/v2\/posts"}],"about":[{"href":"https:\/\/tvtecjundiai.com.br\/news\/wp-json\/wp\/v2\/types\/post"}],"author":[{"embeddable":true,"href":"https:\/\/tvtecjundiai.com.br\/news\/wp-json\/wp\/v2\/users\/10"}],"replies":[{"embeddable":true,"href":"https:\/\/tvtecjundiai.com.br\/news\/wp-json\/wp\/v2\/comments?post=7162"}],"version-history":[{"count":12,"href":"https:\/\/tvtecjundiai.com.br\/news\/wp-json\/wp\/v2\/posts\/7162\/revisions"}],"predecessor-version":[{"id":7185,"href":"https:\/\/tvtecjundiai.com.br\/news\/wp-json\/wp\/v2\/posts\/7162\/revisions\/7185"}],"wp:featuredmedia":[{"embeddable":true,"href":"https:\/\/tvtecjundiai.com.br\/news\/wp-json\/wp\/v2\/media\/7163"}],"wp:attachment":[{"href":"https:\/\/tvtecjundiai.com.br\/news\/wp-json\/wp\/v2\/media?parent=7162"}],"wp:term":[{"taxonomy":"category","embeddable":true,"href":"https:\/\/tvtecjundiai.com.br\/news\/wp-json\/wp\/v2\/categories?post=7162"},{"taxonomy":"post_tag","embeddable":true,"href":"https:\/\/tvtecjundiai.com.br\/news\/wp-json\/wp\/v2\/tags?post=7162"}],"curies":[{"name":"wp","href":"https:\/\/api.w.org\/{rel}","templated":true}]}}