{"id":72386,"date":"2021-03-11T09:31:00","date_gmt":"2021-03-11T12:31:00","guid":{"rendered":"https:\/\/tvtecjundiai.com.br\/news\/?p=72386"},"modified":"2021-03-11T09:31:00","modified_gmt":"2021-03-11T12:31:00","slug":"cultura-inicia-serie-nova-de-encontros-on-line-com-artistas-e-faz-balanco-de-acoes","status":"publish","type":"post","link":"https:\/\/tvtecjundiai.com.br\/news\/2021\/03\/11\/cultura-inicia-serie-nova-de-encontros-on-line-com-artistas-e-faz-balanco-de-acoes\/","title":{"rendered":"Cultura inicia s\u00e9rie nova de encontros on-line com artistas e faz balan\u00e7o de a\u00e7\u00f5es"},"content":{"rendered":"\n<p>A Unidade de Gest\u00e3o de Cultura (UGC) deu in\u00edcio, na tarde desta quarta-feira, \u00e0 realiza\u00e7\u00e3o da \u201cLive: Espa\u00e7o Cultura\u201d, encontro on-line semanal, que ser\u00e1 transmitido pelos canais no&nbsp;<a href=\"https:\/\/www.facebook.com\/culturajundiai\" target=\"_blank\" rel=\"noreferrer noopener\">Facebook<\/a>&nbsp;e&nbsp;<a href=\"https:\/\/www.youtube.com\/c\/CulturaJundia%C3%AD\/featured\" target=\"_blank\" rel=\"noreferrer noopener\">YouTube<\/a>&nbsp;da Unidade. Realizadas todas as quartas-feiras, as lives t\u00eam como objetivo o di\u00e1logo e proximidade com os artistas e outros trabalhadores de Cultura, que poder\u00e3o participar enviando seus questionamentos, d\u00favidas e propostas sobre diversos assuntos, como quest\u00f5es burocr\u00e1ticas, editais e regulamentos.<\/p>\n\n\n\n<p>O gestor da UGC, Marcelo Peroni, deu as boas-vindas aos participantes. \u201cA constru\u00e7\u00e3o de pol\u00edticas culturais depende deste di\u00e1logo que a \u2018Live: Espa\u00e7o Cultura\u2019 pretende proporcionar. Espero que a pot\u00eancia desta oportunidade cont\u00ednua possa ser aproveitada por todos e que ela se some \u00e0 participa\u00e7\u00e3o que a classe art\u00edstica do Munic\u00edpio j\u00e1 tem com as nossas redes e canais na internet\u201d.<\/p>\n\n\n\n<div class=\"wp-block-image\"><figure class=\"aligncenter size-large\"><img loading=\"lazy\" decoding=\"async\" width=\"1200\" height=\"900\" src=\"https:\/\/tvtecjundiai.com.br\/news\/wp-content\/uploads\/sites\/2\/2021\/03\/reuniao_live_cultura-1200x900.jpg\" alt=\"\" class=\"wp-image-72387\" srcset=\"https:\/\/tvtecjundiai.com.br\/news\/wp-content\/uploads\/sites\/2\/2021\/03\/reuniao_live_cultura-1200x900.jpg 1200w, https:\/\/tvtecjundiai.com.br\/news\/wp-content\/uploads\/sites\/2\/2021\/03\/reuniao_live_cultura-300x225.jpg 300w, https:\/\/tvtecjundiai.com.br\/news\/wp-content\/uploads\/sites\/2\/2021\/03\/reuniao_live_cultura-768x576.jpg 768w, https:\/\/tvtecjundiai.com.br\/news\/wp-content\/uploads\/sites\/2\/2021\/03\/reuniao_live_cultura.jpg 1280w\" sizes=\"auto, (max-width: 1200px) 100vw, 1200px\" \/><figcaption>Pr\u00f3ximo encontro ser\u00e1 realizado na pr\u00f3xima quarta (17), \u00e0s 16h, no Facebook e YouTube da Cultura.<\/figcaption><\/figure><\/div>\n\n\n\n<p>A apresenta\u00e7\u00e3o ficou por conta do diretor de Cultura, Jo\u00e3o Carlos De Luca, que classificou o espa\u00e7o como \u201cuma ponte entre a realidade do trabalhador de Cultura e a gest\u00e3o municipal. N\u00f3s, enquanto governo, desejamos muito compreender as expectativas da classe art\u00edstica, de modo a fomentar o seu trabalho, por meio de editais e contrata\u00e7\u00f5es, como os mais de 50 profissionais que j\u00e1 contratamos para levar atividades culturais \u00e0s escolas pela proposta de desemparedamento no retorno \u00e0s aulas este ano\u201d.<\/p>\n\n\n\n<p>Jo\u00e3o Carlos apresentou tamb\u00e9m a estrutura organizacional da UGC, os departamentos da Unidade e suas atribui\u00e7\u00f5es; os equipamentos culturais municipais e as interven\u00e7\u00f5es feitas nos \u00faltimos anos para suas manuten\u00e7\u00f5es e melhorias; os festivais e programas municipais; o balan\u00e7o das a\u00e7\u00f5es realizadas durante a pandemia; e o planejamento futuro de a\u00e7\u00f5es.<\/p>\n\n\n\n<p>A pr\u00f3xima \u201cLive: Espa\u00e7o Cultura\u201d ser\u00e1 realizada na quarta-feira (17), \u00e0s 16h, com transmiss\u00e3o ao vivo pelo\u00a0<a rel=\"noreferrer noopener\" href=\"https:\/\/www.facebook.com\/culturajundiai\" target=\"_blank\">Facebook<\/a>\u00a0e\u00a0<a rel=\"noreferrer noopener\" href=\"https:\/\/www.youtube.com\/c\/CulturaJundia%C3%AD\/featured\" target=\"_blank\">YouTube<\/a>\u00a0da Cultura.<\/p>\n\n\n\n<p><em>(Fonte\/Imagem: Prefeitura de Jundia\u00ed)<\/em><\/p>\n","protected":false},"excerpt":{"rendered":"<p>A pr\u00f3xima \u201cLive: Espa\u00e7o Cultura\u201d ser\u00e1 realizada na quarta-feira (17), \u00e0s 16h<\/p>\n","protected":false},"author":25,"featured_media":72387,"comment_status":"closed","ping_status":"closed","sticky":false,"template":"","format":"standard","meta":{"footnotes":""},"categories":[2833,1],"tags":[],"class_list":["post-72386","post","type-post","status-publish","format-standard","has-post-thumbnail","hentry","category-cultura","category-noticias"],"_links":{"self":[{"href":"https:\/\/tvtecjundiai.com.br\/news\/wp-json\/wp\/v2\/posts\/72386","targetHints":{"allow":["GET"]}}],"collection":[{"href":"https:\/\/tvtecjundiai.com.br\/news\/wp-json\/wp\/v2\/posts"}],"about":[{"href":"https:\/\/tvtecjundiai.com.br\/news\/wp-json\/wp\/v2\/types\/post"}],"author":[{"embeddable":true,"href":"https:\/\/tvtecjundiai.com.br\/news\/wp-json\/wp\/v2\/users\/25"}],"replies":[{"embeddable":true,"href":"https:\/\/tvtecjundiai.com.br\/news\/wp-json\/wp\/v2\/comments?post=72386"}],"version-history":[{"count":1,"href":"https:\/\/tvtecjundiai.com.br\/news\/wp-json\/wp\/v2\/posts\/72386\/revisions"}],"predecessor-version":[{"id":72388,"href":"https:\/\/tvtecjundiai.com.br\/news\/wp-json\/wp\/v2\/posts\/72386\/revisions\/72388"}],"wp:featuredmedia":[{"embeddable":true,"href":"https:\/\/tvtecjundiai.com.br\/news\/wp-json\/wp\/v2\/media\/72387"}],"wp:attachment":[{"href":"https:\/\/tvtecjundiai.com.br\/news\/wp-json\/wp\/v2\/media?parent=72386"}],"wp:term":[{"taxonomy":"category","embeddable":true,"href":"https:\/\/tvtecjundiai.com.br\/news\/wp-json\/wp\/v2\/categories?post=72386"},{"taxonomy":"post_tag","embeddable":true,"href":"https:\/\/tvtecjundiai.com.br\/news\/wp-json\/wp\/v2\/tags?post=72386"}],"curies":[{"name":"wp","href":"https:\/\/api.w.org\/{rel}","templated":true}]}}