{"id":72558,"date":"2021-03-15T17:37:55","date_gmt":"2021-03-15T20:37:55","guid":{"rendered":"https:\/\/tvtecjundiai.com.br\/news\/?p=72558"},"modified":"2021-03-15T17:37:55","modified_gmt":"2021-03-15T20:37:55","slug":"cultura-mantem-atendimento-por-e-mail-a-artistas-e-produtores-culturais","status":"publish","type":"post","link":"https:\/\/tvtecjundiai.com.br\/news\/2021\/03\/15\/cultura-mantem-atendimento-por-e-mail-a-artistas-e-produtores-culturais\/","title":{"rendered":"Cultura mant\u00e9m atendimento por e-mail a artistas e produtores culturais"},"content":{"rendered":"\n<p>Durante o per\u00edodo de vig\u00eancia do&nbsp;<a rel=\"noreferrer noopener\" href=\"https:\/\/jundiai.sp.gov.br\/coronavirus\/wp-content\/uploads\/sites\/61\/2021\/03\/Decreto-12-de-marco-3-12.pdf\" target=\"_blank\">decreto municipal n\u00ba 29.812, de 12 de mar\u00e7o de 2021<\/a>, que trata da observa\u00e7\u00e3o das restri\u00e7\u00f5es previstas para a Fase 1 (Vermelha, ou de Alerta M\u00e1ximo) do \u201cPlano S\u00e3o Paulo\u201d, institu\u00eddo pelo Governo do Estado de S\u00e3o Paulo, com a suspens\u00e3o dos atendimentos presenciais e telef\u00f4nicos nos equipamentos p\u00fablicos municipais vinculados \u00e0 Unidade de Gest\u00e3o de Cultura (UGC), o atendimento a artistas e produtores culturais do Munic\u00edpio continuar\u00e1 sendo realizado atrav\u00e9s do e-mail&nbsp;<a href=\"mailto:duvidascultura@jundiai.sp.gov.br\">duvidascultura@jundiai.sp.gov.br<\/a>.<\/p>\n\n\n\n<p>Em regime de teletrabalho, os servidores da UGC seguir\u00e3o o atendimento de d\u00favidas, questionamentos e demais quest\u00f5es burocr\u00e1ticas apresentadas pelos artistas e demais trabalhadores de Cultura. Al\u00e9m do e-mail, as redes sociais da Cultura tamb\u00e9m s\u00e3o um canal para envio de questionamentos.<\/p>\n\n\n\n<div class=\"wp-block-image\"><figure class=\"aligncenter size-large\"><img loading=\"lazy\" decoding=\"async\" width=\"1200\" height=\"801\" src=\"https:\/\/tvtecjundiai.com.br\/news\/wp-content\/uploads\/sites\/2\/2021\/03\/atendimento_email-3-1200x801.jpg\" alt=\"\" class=\"wp-image-72559\" srcset=\"https:\/\/tvtecjundiai.com.br\/news\/wp-content\/uploads\/sites\/2\/2021\/03\/atendimento_email-3-1200x801.jpg 1200w, https:\/\/tvtecjundiai.com.br\/news\/wp-content\/uploads\/sites\/2\/2021\/03\/atendimento_email-3-300x200.jpg 300w, https:\/\/tvtecjundiai.com.br\/news\/wp-content\/uploads\/sites\/2\/2021\/03\/atendimento_email-3-768x512.jpg 768w, https:\/\/tvtecjundiai.com.br\/news\/wp-content\/uploads\/sites\/2\/2021\/03\/atendimento_email-3.jpg 1280w\" sizes=\"auto, (max-width: 1200px) 100vw, 1200px\" \/><figcaption>O atendimento a artistas e produtores culturais do Munic\u00edpio continuar\u00e1 sendo realizado atrav\u00e9s do e-mail<\/figcaption><\/figure><\/div>\n\n\n\n<p>Como servi\u00e7o \u00e0 popula\u00e7\u00e3o de oferta de conte\u00fados culturais de qualidade, no site e redes sociais da Cultura ficar\u00e3o dispon\u00edveis os v\u00eddeos produzidos pela\u00a0<a rel=\"noreferrer noopener\" href=\"https:\/\/cultura.jundiai.sp.gov.br\/fiqueemcasa-da-cultura\/\" target=\"_blank\">playlist #FiqueemCasa da Cultura<\/a>\u00a0quanto as propostas contempladas pela\u00a0<a rel=\"noreferrer noopener\" href=\"https:\/\/cultura.jundiai.sp.gov.br\/lei-aldir-blanc\/\" target=\"_blank\">Lei Aldir Blanc<\/a>.<\/p>\n\n\n\n<p><em>(Fonte\/Imagem: Prefeitura de Jundia\u00ed)<\/em><\/p>\n","protected":false},"excerpt":{"rendered":"<p>D\u00favidas, questionamentos e quest\u00f5es burocr\u00e1ticas devem ser feitas por email<\/p>\n","protected":false},"author":25,"featured_media":72559,"comment_status":"closed","ping_status":"closed","sticky":false,"template":"","format":"standard","meta":{"footnotes":""},"categories":[2833,1],"tags":[],"class_list":["post-72558","post","type-post","status-publish","format-standard","has-post-thumbnail","hentry","category-cultura","category-noticias"],"_links":{"self":[{"href":"https:\/\/tvtecjundiai.com.br\/news\/wp-json\/wp\/v2\/posts\/72558","targetHints":{"allow":["GET"]}}],"collection":[{"href":"https:\/\/tvtecjundiai.com.br\/news\/wp-json\/wp\/v2\/posts"}],"about":[{"href":"https:\/\/tvtecjundiai.com.br\/news\/wp-json\/wp\/v2\/types\/post"}],"author":[{"embeddable":true,"href":"https:\/\/tvtecjundiai.com.br\/news\/wp-json\/wp\/v2\/users\/25"}],"replies":[{"embeddable":true,"href":"https:\/\/tvtecjundiai.com.br\/news\/wp-json\/wp\/v2\/comments?post=72558"}],"version-history":[{"count":1,"href":"https:\/\/tvtecjundiai.com.br\/news\/wp-json\/wp\/v2\/posts\/72558\/revisions"}],"predecessor-version":[{"id":72560,"href":"https:\/\/tvtecjundiai.com.br\/news\/wp-json\/wp\/v2\/posts\/72558\/revisions\/72560"}],"wp:featuredmedia":[{"embeddable":true,"href":"https:\/\/tvtecjundiai.com.br\/news\/wp-json\/wp\/v2\/media\/72559"}],"wp:attachment":[{"href":"https:\/\/tvtecjundiai.com.br\/news\/wp-json\/wp\/v2\/media?parent=72558"}],"wp:term":[{"taxonomy":"category","embeddable":true,"href":"https:\/\/tvtecjundiai.com.br\/news\/wp-json\/wp\/v2\/categories?post=72558"},{"taxonomy":"post_tag","embeddable":true,"href":"https:\/\/tvtecjundiai.com.br\/news\/wp-json\/wp\/v2\/tags?post=72558"}],"curies":[{"name":"wp","href":"https:\/\/api.w.org\/{rel}","templated":true}]}}