{"id":7285,"date":"2018-03-09T12:14:20","date_gmt":"2018-03-09T15:14:20","guid":{"rendered":"https:\/\/tvtecjundiai.com.br\/news\/?p=7285"},"modified":"2018-03-09T12:15:29","modified_gmt":"2018-03-09T15:15:29","slug":"cidades-novos-cursos-do-funss-terao-inscricoes-na-terca-feira-13","status":"publish","type":"post","link":"https:\/\/tvtecjundiai.com.br\/news\/2018\/03\/09\/cidades-novos-cursos-do-funss-terao-inscricoes-na-terca-feira-13\/","title":{"rendered":"Cidades: novos cursos do Funss ter\u00e3o inscri\u00e7\u00f5es na ter\u00e7a-feira (13)"},"content":{"rendered":"<div id=\"attachment_7286\" style=\"width: 410px\" class=\"wp-caption alignleft\"><a href=\"https:\/\/tvtecjundiai.com.br\/news\/wp-content\/uploads\/sites\/2\/2018\/03\/funss.jpg\"><img loading=\"lazy\" decoding=\"async\" aria-describedby=\"caption-attachment-7286\" class=\"wp-image-7286\" src=\"https:\/\/tvtecjundiai.com.br\/news\/wp-content\/uploads\/sites\/2\/2018\/03\/funss.jpg\" alt=\"\" width=\"400\" height=\"220\" srcset=\"https:\/\/tvtecjundiai.com.br\/news\/wp-content\/uploads\/sites\/2\/2018\/03\/funss.jpg 1090w, https:\/\/tvtecjundiai.com.br\/news\/wp-content\/uploads\/sites\/2\/2018\/03\/funss-300x165.jpg 300w, https:\/\/tvtecjundiai.com.br\/news\/wp-content\/uploads\/sites\/2\/2018\/03\/funss-768x423.jpg 768w\" sizes=\"auto, (max-width: 400px) 100vw, 400px\" \/><\/a><p id=\"caption-attachment-7286\" class=\"wp-caption-text\">Inscri\u00e7\u00f5es para a nova turma de Chocolateria e Comida Regional ser\u00e1 ter\u00e7a-feira (13)<\/p><\/div>\n<p>O Fundo Social de Solidariedade de Jundia\u00ed (Funss) abrir\u00e1, ter\u00e7a-feira (13), inscri\u00e7\u00f5es para a nova turma de Chocolateria. No mesmo dia, tamb\u00e9m haver\u00e1 matr\u00edculas para o curso de Comida Regional. No total, ser\u00e3o 40 vagas, sendo 20 para cada m\u00f3dulo. As capacita\u00e7\u00f5es s\u00e3o voltadas para pessoas com 16 anos ou mais e residentes em Jundia\u00ed. N\u00e3o poder\u00e3o participar alunos matriculados em cursos em andamento.<\/p>\n<p>O hor\u00e1rio das matr\u00edculas ser\u00e1 das 13h \u00e0s 16h30. As senhas ser\u00e3o entregues por ordem de chegada, a partir das 13h e distribu\u00eddas at\u00e9 o preenchimento de todas as vagas. Para participar \u00e9 preciso ir pessoalmente ao Funss, que fica dentro do Parque da Uva, com acesso pela avenida Dona Manoela Lacerda de Vergueiro, s\/n, port\u00e3o 03, bairro Anhangaba\u00fa.<\/p>\n<p>No momento da inscri\u00e7\u00e3o \u00e9 preciso apresentar originais e c\u00f3pias do RG, CPF e Comprovante de Resid\u00eancia, que necessariamente deve ser o Carn\u00ea de IPTU de Jundia\u00ed ou uma conta de \u00e1gua, luz ou telefone em nome do aluno e tamb\u00e9m:<\/p>\n<p><strong>RG ou Certid\u00e3o de Nascimento: quando o comprovante estiver em nome dos pais;<\/strong><br \/>\n<strong> Certid\u00e3o de Casamento: quando o comprovante estiver em nome do c\u00f4njuge;<\/strong><br \/>\n<strong> Contrato de Loca\u00e7\u00e3o: quando o contrato estiver em nome do aluno;<\/strong><br \/>\n<strong> Contrato de Loca\u00e7\u00e3o + Certid\u00e3o de Casamento: quando o contrato estiver em nome do c\u00f4njuge.<\/strong><br \/>\n<strong> Ser\u00e3o aceitos, conforme quantidade de vagas, os primeiros inscritos que cumprirem os requisitos acima. Inscri\u00e7\u00f5es excedentes ficar\u00e3o em lista de espera e ser\u00e3o convocadas somente em casos de desist\u00eancia.<\/strong><\/p>\n<p>As capacita\u00e7\u00f5es ser\u00e3o promovidas a partir de uma parceria entre a Prefeitura de Jundia\u00ed, por meio do Fundo Social de Solidariedade, e o Centro Paula Souza com a coordena\u00e7\u00e3o da ETEC Benedito Storani.<\/p>\n<p>O curso de Chocolateria come\u00e7ar\u00e1 no dia 19 de mar\u00e7o e terminar\u00e1 no dia 23 de mar\u00e7o, com aulas de segunda a sexta-feira, das 8h \u00e0s 12h. J\u00e1 o m\u00f3dulo de Comida Regional ser\u00e1 realizado de 19 de mar\u00e7o a 23 de mar\u00e7o, tamb\u00e9m de segunda a sexta-feira, por\u00e9m, com encontros das 13h \u00e0s 17h. Informa\u00e7\u00f5es pelo telefone (11) 4521-2762, 4521-2929 e 4521-6833.<\/p>\n<p><em>Fonte: Prefeitura de Jundia\u00ed<\/em><\/p>\n","protected":false},"excerpt":{"rendered":"<p>No total ser\u00e3o 40 vagas, sendo 20 para cada m\u00f3dulo<\/p>\n","protected":false},"author":10,"featured_media":7286,"comment_status":"closed","ping_status":"closed","sticky":false,"template":"","format":"standard","meta":{"footnotes":""},"categories":[29,1],"tags":[258,1374,62,5,15],"class_list":["post-7285","post","type-post","status-publish","format-standard","has-post-thumbnail","hentry","category-destaque","category-noticias","tag-cursos","tag-fundo-social-de-solidariedade-funss","tag-funss","tag-jundiai","tag-tvtec"],"_links":{"self":[{"href":"https:\/\/tvtecjundiai.com.br\/news\/wp-json\/wp\/v2\/posts\/7285","targetHints":{"allow":["GET"]}}],"collection":[{"href":"https:\/\/tvtecjundiai.com.br\/news\/wp-json\/wp\/v2\/posts"}],"about":[{"href":"https:\/\/tvtecjundiai.com.br\/news\/wp-json\/wp\/v2\/types\/post"}],"author":[{"embeddable":true,"href":"https:\/\/tvtecjundiai.com.br\/news\/wp-json\/wp\/v2\/users\/10"}],"replies":[{"embeddable":true,"href":"https:\/\/tvtecjundiai.com.br\/news\/wp-json\/wp\/v2\/comments?post=7285"}],"version-history":[{"count":4,"href":"https:\/\/tvtecjundiai.com.br\/news\/wp-json\/wp\/v2\/posts\/7285\/revisions"}],"predecessor-version":[{"id":7290,"href":"https:\/\/tvtecjundiai.com.br\/news\/wp-json\/wp\/v2\/posts\/7285\/revisions\/7290"}],"wp:featuredmedia":[{"embeddable":true,"href":"https:\/\/tvtecjundiai.com.br\/news\/wp-json\/wp\/v2\/media\/7286"}],"wp:attachment":[{"href":"https:\/\/tvtecjundiai.com.br\/news\/wp-json\/wp\/v2\/media?parent=7285"}],"wp:term":[{"taxonomy":"category","embeddable":true,"href":"https:\/\/tvtecjundiai.com.br\/news\/wp-json\/wp\/v2\/categories?post=7285"},{"taxonomy":"post_tag","embeddable":true,"href":"https:\/\/tvtecjundiai.com.br\/news\/wp-json\/wp\/v2\/tags?post=7285"}],"curies":[{"name":"wp","href":"https:\/\/api.w.org\/{rel}","templated":true}]}}