{"id":7307,"date":"2018-03-09T15:26:11","date_gmt":"2018-03-09T18:26:11","guid":{"rendered":"https:\/\/tvtecjundiai.com.br\/news\/?p=7307"},"modified":"2018-03-09T15:52:52","modified_gmt":"2018-03-09T18:52:52","slug":"cidades-55a-festa-da-varginha-acontece-neste-fim-de-semana-e-vai-ate-dia-18","status":"publish","type":"post","link":"https:\/\/tvtecjundiai.com.br\/news\/2018\/03\/09\/cidades-55a-festa-da-varginha-acontece-neste-fim-de-semana-e-vai-ate-dia-18\/","title":{"rendered":"Cidades: 55\u00aa Festa da Varginha acontece neste fim de semana"},"content":{"rendered":"<div id=\"attachment_7308\" style=\"width: 360px\" class=\"wp-caption alignright\"><a href=\"https:\/\/tvtecjundiai.com.br\/news\/wp-content\/uploads\/sites\/2\/2018\/03\/13096092_1542159206087252_8108427509558107123_n.jpg\"><img loading=\"lazy\" decoding=\"async\" aria-describedby=\"caption-attachment-7308\" class=\"wp-image-7308\" src=\"https:\/\/tvtecjundiai.com.br\/news\/wp-content\/uploads\/sites\/2\/2018\/03\/13096092_1542159206087252_8108427509558107123_n.jpg\" alt=\"\" width=\"350\" height=\"263\" srcset=\"https:\/\/tvtecjundiai.com.br\/news\/wp-content\/uploads\/sites\/2\/2018\/03\/13096092_1542159206087252_8108427509558107123_n.jpg 960w, https:\/\/tvtecjundiai.com.br\/news\/wp-content\/uploads\/sites\/2\/2018\/03\/13096092_1542159206087252_8108427509558107123_n-300x225.jpg 300w, https:\/\/tvtecjundiai.com.br\/news\/wp-content\/uploads\/sites\/2\/2018\/03\/13096092_1542159206087252_8108427509558107123_n-768x576.jpg 768w\" sizes=\"auto, (max-width: 350px) 100vw, 350px\" \/><\/a><p id=\"caption-attachment-7308\" class=\"wp-caption-text\">O evento tem entrada e estacionamento gratuitos.<\/p><\/div>\n<p>Neste s\u00e1bado (10) e domingo (11), a 55\u00aa Festa da Varginha, uma das mais tradicionais da cidade, entra no seu segundo final de semana. O evento come\u00e7ou no s\u00e1bado, 3 de mar\u00e7o, e se estender\u00e1 at\u00e9 o domingo, 18 de mar\u00e7o, das 19h \u00e0s 23h aos s\u00e1bados e das 11h \u00e0s 17h aos domingos.<\/p>\n<p>A festa vai contar com diversos pratos t\u00edpicos como frango frito, nhoque, churrasco, risoto, polenta frita, lingui\u00e7a caseira, batata frita, past\u00e9is, doces e vinhos artesanais.<\/p>\n<p>A 55\u00aa Festa da Varginha acontece na Comunidade Santa Cruz, localizada na avenida At\u00edlio Gobbo, 3269, Varginha. O evento tem entrada e estacionamento gratuitos.<\/p>\n<p><em>(Pedro F\u00e1varo Jr. e Let\u00edcia Pouza)<\/em><\/p>\n","protected":false},"excerpt":{"rendered":"<p>O evento ainda acontece nos dias 17 e 18 de mar\u00e7o<\/p>\n","protected":false},"author":10,"featured_media":7309,"comment_status":"closed","ping_status":"closed","sticky":false,"template":"","format":"standard","meta":{"footnotes":""},"categories":[29,1],"tags":[2455,2456,5,15],"class_list":["post-7307","post","type-post","status-publish","format-standard","has-post-thumbnail","hentry","category-destaque","category-noticias","tag-festa-da-varginha","tag-festa-da-varginha-jundiai","tag-jundiai","tag-tvtec"],"_links":{"self":[{"href":"https:\/\/tvtecjundiai.com.br\/news\/wp-json\/wp\/v2\/posts\/7307","targetHints":{"allow":["GET"]}}],"collection":[{"href":"https:\/\/tvtecjundiai.com.br\/news\/wp-json\/wp\/v2\/posts"}],"about":[{"href":"https:\/\/tvtecjundiai.com.br\/news\/wp-json\/wp\/v2\/types\/post"}],"author":[{"embeddable":true,"href":"https:\/\/tvtecjundiai.com.br\/news\/wp-json\/wp\/v2\/users\/10"}],"replies":[{"embeddable":true,"href":"https:\/\/tvtecjundiai.com.br\/news\/wp-json\/wp\/v2\/comments?post=7307"}],"version-history":[{"count":6,"href":"https:\/\/tvtecjundiai.com.br\/news\/wp-json\/wp\/v2\/posts\/7307\/revisions"}],"predecessor-version":[{"id":7319,"href":"https:\/\/tvtecjundiai.com.br\/news\/wp-json\/wp\/v2\/posts\/7307\/revisions\/7319"}],"wp:featuredmedia":[{"embeddable":true,"href":"https:\/\/tvtecjundiai.com.br\/news\/wp-json\/wp\/v2\/media\/7309"}],"wp:attachment":[{"href":"https:\/\/tvtecjundiai.com.br\/news\/wp-json\/wp\/v2\/media?parent=7307"}],"wp:term":[{"taxonomy":"category","embeddable":true,"href":"https:\/\/tvtecjundiai.com.br\/news\/wp-json\/wp\/v2\/categories?post=7307"},{"taxonomy":"post_tag","embeddable":true,"href":"https:\/\/tvtecjundiai.com.br\/news\/wp-json\/wp\/v2\/tags?post=7307"}],"curies":[{"name":"wp","href":"https:\/\/api.w.org\/{rel}","templated":true}]}}