{"id":73374,"date":"2021-04-03T10:14:35","date_gmt":"2021-04-03T13:14:35","guid":{"rendered":"https:\/\/tvtecjundiai.com.br\/news\/?p=73374"},"modified":"2021-04-03T10:14:35","modified_gmt":"2021-04-03T13:14:35","slug":"catalogos-das-exposicoes-na-pinacoteca-e-galeria-de-arte-de-jundiai-ganham-versao-digital","status":"publish","type":"post","link":"https:\/\/tvtecjundiai.com.br\/news\/2021\/04\/03\/catalogos-das-exposicoes-na-pinacoteca-e-galeria-de-arte-de-jundiai-ganham-versao-digital\/","title":{"rendered":"Cat\u00e1logos das exposi\u00e7\u00f5es na Pinacoteca e Galeria de Arte de Jundia\u00ed, ganham vers\u00e3o digital"},"content":{"rendered":"\n<p>Os cat\u00e1logos impressos das temporadas de exposi\u00e7\u00f5es dos \u00faltimos anos na Pinacoteca Di\u00f3genes Duarte Paes e na Galeria Fernanda Perracini Milani ganharam vers\u00f5es on-line e podem ser consultados no site da Cultura. No total, est\u00e3o dispon\u00edveis 12 cat\u00e1logos, produzidos desde 2011, com as informa\u00e7\u00f5es t\u00e9cnicas e fotos de mais de noventa exposi\u00e7\u00f5es realizadas durante o per\u00edodo. O conte\u00fado faz parte da playlist #FiqueemCasa da Cultura.<\/p>\n\n\n\n<p><a href=\"https:\/\/cultura.jundiai.sp.gov.br\/fiqueemcasa-da-cultura\/catalogos-digitais\/\" target=\"_blank\" rel=\"noreferrer noopener\">CONFIRA OS CAT\u00c1LOGOS<\/a><\/p>\n\n\n\n<p>Uma novidade especial s\u00e3o os cat\u00e1logos da Pinacoteca, que s\u00f3 passaram a ser produzidos desde de 2017, quando a sele\u00e7\u00e3o dos artistas e de exposi\u00e7\u00f5es passou a ser feito via edital.<\/p>\n\n\n\n<p>Para o gestor da Unidade de Gest\u00e3o de Cultura (UGC), Marcelo Peroni, esta \u00e9 mais uma a\u00e7\u00e3o da Prefeitura para a disponibiliza\u00e7\u00e3o de conte\u00fados culturais de qualidade para que a popula\u00e7\u00e3o acesse durante o isolamento social. \u201cDesde o in\u00edcio da pandemia, temos trabalhado para ampliar a oferta de conte\u00fados digitais, como forma de presta\u00e7\u00e3o de servi\u00e7o \u00e0 popula\u00e7\u00e3o. Com estes cat\u00e1logos, al\u00e9m de ampliar a oferta, damos tamb\u00e9m aos artistas que expuseram na Pinacoteca e na Galeria de Arte mais um material para composi\u00e7\u00e3o de portf\u00f3lio e divulga\u00e7\u00e3o.\u201d<\/p>\n\n\n\n<figure class=\"wp-block-image\"><img decoding=\"async\" src=\"https:\/\/jundiai.sp.gov.br\/noticias\/wp-content\/uploads\/sites\/32\/2021\/03\/galeria-de-arte-21.jpg\" alt=\"Parede branca de galeria de exposi\u00e7\u00e3o com diversos rolos de papel branco estendidos e pendurados sobre painel, que caem e viram um rolo s\u00f3 integrado a um livro aberto sobre uma pequena prateleira\" class=\"wp-image-265158\" \/><\/figure>\n\n\n\n<p><em>(Fonte\/Imagem: Prefeitura de Jundia\u00ed)<\/em><\/p>\n","protected":false},"excerpt":{"rendered":"<p>Os cat\u00e1logos de exposi\u00e7\u00f5es poder\u00e3o ser consultados virtualmente<\/p>\n","protected":false},"author":24,"featured_media":73375,"comment_status":"closed","ping_status":"closed","sticky":false,"template":"","format":"standard","meta":{"footnotes":""},"categories":[2833],"tags":[],"class_list":["post-73374","post","type-post","status-publish","format-standard","has-post-thumbnail","hentry","category-cultura"],"_links":{"self":[{"href":"https:\/\/tvtecjundiai.com.br\/news\/wp-json\/wp\/v2\/posts\/73374","targetHints":{"allow":["GET"]}}],"collection":[{"href":"https:\/\/tvtecjundiai.com.br\/news\/wp-json\/wp\/v2\/posts"}],"about":[{"href":"https:\/\/tvtecjundiai.com.br\/news\/wp-json\/wp\/v2\/types\/post"}],"author":[{"embeddable":true,"href":"https:\/\/tvtecjundiai.com.br\/news\/wp-json\/wp\/v2\/users\/24"}],"replies":[{"embeddable":true,"href":"https:\/\/tvtecjundiai.com.br\/news\/wp-json\/wp\/v2\/comments?post=73374"}],"version-history":[{"count":1,"href":"https:\/\/tvtecjundiai.com.br\/news\/wp-json\/wp\/v2\/posts\/73374\/revisions"}],"predecessor-version":[{"id":73376,"href":"https:\/\/tvtecjundiai.com.br\/news\/wp-json\/wp\/v2\/posts\/73374\/revisions\/73376"}],"wp:featuredmedia":[{"embeddable":true,"href":"https:\/\/tvtecjundiai.com.br\/news\/wp-json\/wp\/v2\/media\/73375"}],"wp:attachment":[{"href":"https:\/\/tvtecjundiai.com.br\/news\/wp-json\/wp\/v2\/media?parent=73374"}],"wp:term":[{"taxonomy":"category","embeddable":true,"href":"https:\/\/tvtecjundiai.com.br\/news\/wp-json\/wp\/v2\/categories?post=73374"},{"taxonomy":"post_tag","embeddable":true,"href":"https:\/\/tvtecjundiai.com.br\/news\/wp-json\/wp\/v2\/tags?post=73374"}],"curies":[{"name":"wp","href":"https:\/\/api.w.org\/{rel}","templated":true}]}}