{"id":7354,"date":"2018-03-12T13:33:13","date_gmt":"2018-03-12T16:33:13","guid":{"rendered":"https:\/\/tvtecjundiai.com.br\/news\/?p=7354"},"modified":"2018-03-12T13:34:02","modified_gmt":"2018-03-12T16:34:02","slug":"cidades-biblioteca-realiza-segundo-encontro-sobre-empregabilidade","status":"publish","type":"post","link":"https:\/\/tvtecjundiai.com.br\/news\/2018\/03\/12\/cidades-biblioteca-realiza-segundo-encontro-sobre-empregabilidade\/","title":{"rendered":"Cidades: Biblioteca realiza segundo encontro sobre empregabilidade"},"content":{"rendered":"<div id=\"attachment_7355\" style=\"width: 410px\" class=\"wp-caption alignright\"><a href=\"https:\/\/tvtecjundiai.com.br\/news\/wp-content\/uploads\/sites\/2\/2018\/03\/Biblioteca-Nelson-Foot-Espa\u00e7o-Infantil.jpg\"><img loading=\"lazy\" decoding=\"async\" aria-describedby=\"caption-attachment-7355\" class=\"wp-image-7355\" src=\"https:\/\/tvtecjundiai.com.br\/news\/wp-content\/uploads\/sites\/2\/2018\/03\/Biblioteca-Nelson-Foot-Espa\u00e7o-Infantil.jpg\" alt=\"\" width=\"400\" height=\"266\" srcset=\"https:\/\/tvtecjundiai.com.br\/news\/wp-content\/uploads\/sites\/2\/2018\/03\/Biblioteca-Nelson-Foot-Espa\u00e7o-Infantil.jpg 600w, https:\/\/tvtecjundiai.com.br\/news\/wp-content\/uploads\/sites\/2\/2018\/03\/Biblioteca-Nelson-Foot-Espa\u00e7o-Infantil-300x200.jpg 300w\" sizes=\"auto, (max-width: 400px) 100vw, 400px\" \/><\/a><p id=\"caption-attachment-7355\" class=\"wp-caption-text\">O encontro \u00e9 o segundo de uma s\u00e9rie de quatro, que integra o Programa In-Vista<\/p><\/div>\n<p>A Biblioteca Municipal Professor Nelson Foot realiza, no s\u00e1bado (17), mais uma oficina sobre empregabilidade. A atividade \u00e9 gratuita e voltada para jovens e adultos de 15 e 29 anos. As inscri\u00e7\u00f5es devem ser feitas no site\u00a0<a href=\"http:\/\/www.biblioteca.jundiai.sp.gov.br\/programacao\">www.biblioteca.jundiai.sp.gov.br\/programacao<\/a>. As vagas s\u00e3o limitadas.<\/p>\n<p>O tema abordado ser\u00e1 \u201cO poder da intelig\u00eancia emocional.\u201d A palestra, com in\u00edcio \u00e0s 10h, ser\u00e1 ministrada pelo coach Thales Delgado.<\/p>\n<p>O encontro \u00e9 o segundo de uma s\u00e9rie de quatro, que integra o Programa In-Vista, uma a\u00e7\u00e3o do Movimento Consci\u00eancia Ativa e do Comit\u00ea Jovem que l\u00ea, com apoio do Programa Conecta Biblioteca de est\u00edmulo \u00e0 transforma\u00e7\u00e3o social. A atividade nasceu ap\u00f3s uma pesquisa apontar que o jovem tem dificuldades para se expressar durante as entrevistas de trabalho, est\u00e1 desmotivado e desinteressado pelos estudos.<\/p>\n<p>Em fevereiro, durante a primeira oficina, foram debatidas quest\u00f5es como a import\u00e2ncia do autoconhecimento, as habilidades, a montagem de curr\u00edculo e os procedimentos para a entrevista de emprego.<\/p>\n<p>A Biblioteca Professor Nelson Foot \u00e9 um \u00f3rg\u00e3o da Unidade de Gest\u00e3o de Educa\u00e7\u00e3o e fica no Complexo Argos, localizado na avenida Dr. Cavalcanti, 396, Vila Arens.<\/p>\n<p><em>(Fonte: Prefeitura de Jundia\u00ed)<\/em><\/p>\n","protected":false},"excerpt":{"rendered":"<p>O tema abordado ser\u00e1 \u201cO poder da intelig\u00eancia emocional&#8221;<\/p>\n","protected":false},"author":10,"featured_media":7355,"comment_status":"closed","ping_status":"closed","sticky":false,"template":"","format":"standard","meta":{"footnotes":""},"categories":[29,1],"tags":[207,37,5,15],"class_list":["post-7354","post","type-post","status-publish","format-standard","has-post-thumbnail","hentry","category-destaque","category-noticias","tag-biblioteca-municipal-prof-nelson-foot","tag-emprego","tag-jundiai","tag-tvtec"],"_links":{"self":[{"href":"https:\/\/tvtecjundiai.com.br\/news\/wp-json\/wp\/v2\/posts\/7354","targetHints":{"allow":["GET"]}}],"collection":[{"href":"https:\/\/tvtecjundiai.com.br\/news\/wp-json\/wp\/v2\/posts"}],"about":[{"href":"https:\/\/tvtecjundiai.com.br\/news\/wp-json\/wp\/v2\/types\/post"}],"author":[{"embeddable":true,"href":"https:\/\/tvtecjundiai.com.br\/news\/wp-json\/wp\/v2\/users\/10"}],"replies":[{"embeddable":true,"href":"https:\/\/tvtecjundiai.com.br\/news\/wp-json\/wp\/v2\/comments?post=7354"}],"version-history":[{"count":2,"href":"https:\/\/tvtecjundiai.com.br\/news\/wp-json\/wp\/v2\/posts\/7354\/revisions"}],"predecessor-version":[{"id":7357,"href":"https:\/\/tvtecjundiai.com.br\/news\/wp-json\/wp\/v2\/posts\/7354\/revisions\/7357"}],"wp:featuredmedia":[{"embeddable":true,"href":"https:\/\/tvtecjundiai.com.br\/news\/wp-json\/wp\/v2\/media\/7355"}],"wp:attachment":[{"href":"https:\/\/tvtecjundiai.com.br\/news\/wp-json\/wp\/v2\/media?parent=7354"}],"wp:term":[{"taxonomy":"category","embeddable":true,"href":"https:\/\/tvtecjundiai.com.br\/news\/wp-json\/wp\/v2\/categories?post=7354"},{"taxonomy":"post_tag","embeddable":true,"href":"https:\/\/tvtecjundiai.com.br\/news\/wp-json\/wp\/v2\/tags?post=7354"}],"curies":[{"name":"wp","href":"https:\/\/api.w.org\/{rel}","templated":true}]}}