{"id":7385,"date":"2018-03-13T11:34:38","date_gmt":"2018-03-13T14:34:38","guid":{"rendered":"https:\/\/tvtecjundiai.com.br\/news\/?p=7385"},"modified":"2018-03-13T11:34:38","modified_gmt":"2018-03-13T14:34:38","slug":"cidades-procon-da-inicio-a-quinzena-do-consumidor-com-lancamento-de-site","status":"publish","type":"post","link":"https:\/\/tvtecjundiai.com.br\/news\/2018\/03\/13\/cidades-procon-da-inicio-a-quinzena-do-consumidor-com-lancamento-de-site\/","title":{"rendered":"Cidades: Procon d\u00e1 in\u00edcio \u00e0 \u201cQuinzena do Consumidor\u201d com lan\u00e7amento de site"},"content":{"rendered":"<div id=\"attachment_7386\" style=\"width: 360px\" class=\"wp-caption alignright\"><a href=\"https:\/\/tvtecjundiai.com.br\/news\/wp-content\/uploads\/sites\/2\/2018\/03\/screencapture-procon-jundiai-sp-gov-br-2018-03-12-15_21_08.png\"><img loading=\"lazy\" decoding=\"async\" aria-describedby=\"caption-attachment-7386\" class=\"wp-image-7386\" src=\"https:\/\/tvtecjundiai.com.br\/news\/wp-content\/uploads\/sites\/2\/2018\/03\/screencapture-procon-jundiai-sp-gov-br-2018-03-12-15_21_08-300x463.png\" alt=\"\" width=\"350\" height=\"541\" srcset=\"https:\/\/tvtecjundiai.com.br\/news\/wp-content\/uploads\/sites\/2\/2018\/03\/screencapture-procon-jundiai-sp-gov-br-2018-03-12-15_21_08-300x463.png 300w, https:\/\/tvtecjundiai.com.br\/news\/wp-content\/uploads\/sites\/2\/2018\/03\/screencapture-procon-jundiai-sp-gov-br-2018-03-12-15_21_08-768x1186.png 768w, https:\/\/tvtecjundiai.com.br\/news\/wp-content\/uploads\/sites\/2\/2018\/03\/screencapture-procon-jundiai-sp-gov-br-2018-03-12-15_21_08-621x960.png 621w, https:\/\/tvtecjundiai.com.br\/news\/wp-content\/uploads\/sites\/2\/2018\/03\/screencapture-procon-jundiai-sp-gov-br-2018-03-12-15_21_08.png 1366w\" sizes=\"auto, (max-width: 350px) 100vw, 350px\" \/><\/a><p id=\"caption-attachment-7386\" class=\"wp-caption-text\">Site foi lan\u00e7ado nesta segunda-feira (12)<\/p><\/div>\n<p>Em comemora\u00e7\u00e3o ao Dia do Consumidor (15 de mar\u00e7o), o Procon Jundia\u00ed deu in\u00edcio \u00e0s atividades da \u201cQuinzena do Consumidor\u201d com o lan\u00e7amento de um\u00a0<a href=\"https:\/\/procon.jundiai.sp.gov.br\/\" target=\"_blank\" rel=\"noopener\">site<\/a>\u00a0pr\u00f3prio, desenvolvido pela Companhia de Inform\u00e1tica de Jundia\u00ed (Cijun). A iniciativa in\u00e9dita traz funcionalidades como um espa\u00e7o para enquetes, uma ferramenta para que os usu\u00e1rios tirem d\u00favidas e pe\u00e7am orienta\u00e7\u00f5es, consulta de andamento de reclama\u00e7\u00f5es, bloqueio de telemarketing, al\u00e9m de links \u00fateis, cartilhas informativas e not\u00edcias.<\/p>\n<p>Para a coordenadora do Procon Jundia\u00ed, Gabriela Glinternik, o lan\u00e7amento do site e a programa\u00e7\u00e3o, que vai at\u00e9 a sexta-feira (23), foram pensados para prestar um servi\u00e7o que chegasse \u00e0 popula\u00e7\u00e3o. \u201cEssas iniciativas servem para o nosso monitoramento de sobre como tem sido o cumprimento de direitos e deveres. Aproximamos a Prefeitura \u00e0 popula\u00e7\u00e3o e escutamos o que ela tem a nos dizer para entender como tem andado o mercado.<\/p>\n<p><strong>Mais atividades<\/strong><\/p>\n<p>At\u00e9 esta sexta-feira (16), das 9h \u00e0s 16h, o Procon prestar\u00e1 tamb\u00e9m dois servi\u00e7os no Poupatempo. Um deles \u00e9 o mesmo atendimento de sua sede para orienta\u00e7\u00f5es e registro de reclama\u00e7\u00f5es. Elen Fonseca, de 41 anos, aproveitou para prestar sua queixa quanto \u00e0s tarifas do cart\u00e3o de cr\u00e9dito. Munida de comprovante de resid\u00eancia, RG, CPF e contrato da operadora, Elen saiu satisfeita do atendimento. \u201cVim a Poupatempo resolver outro problema e, desse modo, j\u00e1 consegui resolver outro. Foi mais f\u00e1cil do que eu imaginava e me poupou muito tempo\u201d.<\/p>\n<p>Outro servi\u00e7o dispon\u00edvel \u00e9 a van do Procon M\u00f3vel, que ficar\u00e1 estacionada em frente ao Poupatempo at\u00e9 esta sexta-feira (16) para prestar orienta\u00e7\u00f5es sobre financiamentos, em parceria com o Banco do Povo Paulista, e esclarecimentos sobre mudan\u00e7as nas regras dos planos de sa\u00fade, iniciativa em parceria com outras entidades de defesa dos direitos dos consumidores.<\/p>\n<p>Ainda durante a Quinzena, o Procon Jundia\u00ed realizar\u00e1 na pr\u00f3xima semana em Emebs da Unidade de Gest\u00e3o de Educa\u00e7\u00e3o (UGE) uma Trilha do Consumidor. O jogo prop\u00f5e que os alunos percorram um tabuleiro interativo e, no percurso, tratem de consumo consciente, bem como dos direitos e deveres b\u00e1sicos dos cidad\u00e3os e das empresas.<\/p>\n<p>O Procon Jundia\u00ed \u00e9 um \u00f3rg\u00e3o municipal vinculado \u00e0 Unidade de Gest\u00e3o de Neg\u00f3cios Jur\u00eddicos e Cidadania (UGNJC), conveniado \u00e0 Funda\u00e7\u00e3o Procon\/SP e integrante do Sistema Nacional de Defesa do Consumidor, e preza pela prote\u00e7\u00e3o e defesa do consumidor, com foco na transpar\u00eancia e harmoniza\u00e7\u00e3o das rela\u00e7\u00f5es de consumo. O Procon fica na rua Bar\u00e3o de Jundia\u00ed, n\u00ba 153 \u2013 Centro, Jundia\u00ed \u2013 SP \u2013 CEP: 13.201-010, anexo \u00e0 C\u00e2mara Municipal.<\/p>\n<p><em>Fonte: Prefeitura de Jundia\u00ed<\/em><\/p>\n","protected":false},"excerpt":{"rendered":"<p>A iniciativa in\u00e9dita traz funcionalidades, links \u00fateis, bloqueio de telemarketing e outros<\/p>\n","protected":false},"author":10,"featured_media":7387,"comment_status":"closed","ping_status":"closed","sticky":false,"template":"","format":"standard","meta":{"footnotes":""},"categories":[1],"tags":[5,191,2447,15],"class_list":["post-7385","post","type-post","status-publish","format-standard","has-post-thumbnail","hentry","category-noticias","tag-jundiai","tag-procon","tag-quinzena-do-consumidor","tag-tvtec"],"_links":{"self":[{"href":"https:\/\/tvtecjundiai.com.br\/news\/wp-json\/wp\/v2\/posts\/7385","targetHints":{"allow":["GET"]}}],"collection":[{"href":"https:\/\/tvtecjundiai.com.br\/news\/wp-json\/wp\/v2\/posts"}],"about":[{"href":"https:\/\/tvtecjundiai.com.br\/news\/wp-json\/wp\/v2\/types\/post"}],"author":[{"embeddable":true,"href":"https:\/\/tvtecjundiai.com.br\/news\/wp-json\/wp\/v2\/users\/10"}],"replies":[{"embeddable":true,"href":"https:\/\/tvtecjundiai.com.br\/news\/wp-json\/wp\/v2\/comments?post=7385"}],"version-history":[{"count":1,"href":"https:\/\/tvtecjundiai.com.br\/news\/wp-json\/wp\/v2\/posts\/7385\/revisions"}],"predecessor-version":[{"id":7388,"href":"https:\/\/tvtecjundiai.com.br\/news\/wp-json\/wp\/v2\/posts\/7385\/revisions\/7388"}],"wp:featuredmedia":[{"embeddable":true,"href":"https:\/\/tvtecjundiai.com.br\/news\/wp-json\/wp\/v2\/media\/7387"}],"wp:attachment":[{"href":"https:\/\/tvtecjundiai.com.br\/news\/wp-json\/wp\/v2\/media?parent=7385"}],"wp:term":[{"taxonomy":"category","embeddable":true,"href":"https:\/\/tvtecjundiai.com.br\/news\/wp-json\/wp\/v2\/categories?post=7385"},{"taxonomy":"post_tag","embeddable":true,"href":"https:\/\/tvtecjundiai.com.br\/news\/wp-json\/wp\/v2\/tags?post=7385"}],"curies":[{"name":"wp","href":"https:\/\/api.w.org\/{rel}","templated":true}]}}