{"id":73870,"date":"2021-04-13T11:22:10","date_gmt":"2021-04-13T14:22:10","guid":{"rendered":"https:\/\/tvtecjundiai.com.br\/news\/?p=73870"},"modified":"2021-04-13T11:22:10","modified_gmt":"2021-04-13T14:22:10","slug":"prefeitura-inicia-planejamento-plurianual-do-municipio-para-2022-2025","status":"publish","type":"post","link":"https:\/\/tvtecjundiai.com.br\/news\/2021\/04\/13\/prefeitura-inicia-planejamento-plurianual-do-municipio-para-2022-2025\/","title":{"rendered":"Prefeitura inicia planejamento plurianual do munic\u00edpio para 2022-2025"},"content":{"rendered":"\n<p>A quarta reuni\u00e3o de Plataformas do ano teve como pauta, a elabora\u00e7\u00e3o do Plano Plurianual (PPA) 2022-2025. A Unidade Gest\u00e3o de Governo e Finan\u00e7as apresentou para os gestores municipais as premissas e o calend\u00e1rio do plano de trabalho que se estende at\u00e9 agosto, quando o PPA \u00e9 encaminhado para a C\u00e2mara Municipal.<\/p>\n\n\n\n<div class=\"wp-block-image\"><figure class=\"aligncenter size-large\"><img loading=\"lazy\" decoding=\"async\" width=\"1200\" height=\"496\" src=\"https:\/\/tvtecjundiai.com.br\/news\/wp-content\/uploads\/sites\/2\/2021\/04\/ppa7-1200x496.jpg\" alt=\"\" class=\"wp-image-73871\" srcset=\"https:\/\/tvtecjundiai.com.br\/news\/wp-content\/uploads\/sites\/2\/2021\/04\/ppa7-1200x496.jpg 1200w, https:\/\/tvtecjundiai.com.br\/news\/wp-content\/uploads\/sites\/2\/2021\/04\/ppa7-300x124.jpg 300w, https:\/\/tvtecjundiai.com.br\/news\/wp-content\/uploads\/sites\/2\/2021\/04\/ppa7-768x317.jpg 768w, https:\/\/tvtecjundiai.com.br\/news\/wp-content\/uploads\/sites\/2\/2021\/04\/ppa7.jpg 1280w\" sizes=\"auto, (max-width: 1200px) 100vw, 1200px\" \/><figcaption>Jos\u00e9 Antonio Parimoschi durante a reuni\u00e3o on-line: \u201cAs prioridades precisam ter viabilidade t\u00e9cnica\u201d<\/figcaption><\/figure><\/div>\n\n\n\n<p>\u201cNosso horizonte de planejamento \u00e9 a cidade, contudo nosso limite \u00e9 o PPA 2022-2025\u201d, observou o gestor de Governo e Finan\u00e7as, Jos\u00e9 Antonio Parimoschi. A reuni\u00e3o ocorreu de maneira on-line. \u201cAlguns projetos mais estruturais ultrapassam 2025. Por\u00e9m, precisamos priorizar os projetos e a\u00e7\u00f5es que ser\u00e3o realizados na cidade no per\u00edodo definido de quatro anos, considerando os recursos dispon\u00edveis e nossa capacidade t\u00e9cnica de execu\u00e7\u00e3o das pol\u00edticas p\u00fablicas. As prioridades precisam ter viabilidade t\u00e9cnica, abrang\u00eancia social e precisa impactar positivamente na qualidade de vida das pessoas.\u201d<\/p>\n\n\n\n<p>Parimoschi lembrou que, por causa dos impactos da pandemia, o momento tornou-se ainda mais complexo para desenvolver planejamento no Brasil, especialmente em raz\u00e3o das incertezas que pairam sobre o ambiente econ\u00f4mico e o impacto na arrecada\u00e7\u00e3o do munic\u00edpio.<\/p>\n\n\n\n<p>O diretor de Planejamento e Governan\u00e7a, Fernando Polo, apresentou na reuni\u00e3o uma matriz de responsabilidades, elencando as atribui\u00e7\u00f5es espec\u00edficas de cada Unidade de Gest\u00e3o na prepara\u00e7\u00e3o do PPA e os prazos de execu\u00e7\u00e3o. \u201cTodas as unidades precisam estar alinhadas com o modelo de planejamento desenvolvido\u201d, ele declarou.<\/p>\n\n\n\n<p>O diretor do Departamento de Or\u00e7amento, Luiz Fernando Boscolo, recordou aos participantes da reuni\u00e3o que o planejamento precisa ser pensado sempre de acordo com a possibilidade de recursos e, portanto, realista. Tamb\u00e9m citou o desafio de fazer a prepara\u00e7\u00e3o do Or\u00e7amento correr lado a lado com a do PPA. \u201cEssas duas importantes pe\u00e7as est\u00e3o nascendo juntas.\u201d<\/p>\n\n\n\n<p>Os pr\u00f3ximos passos consistem na estrutura\u00e7\u00e3o dos programas que ir\u00e3o compor o novo PPA, a partir dos compromissos estabelecidos no plano de governo, bem como a defini\u00e7\u00e3o das metas para cada a\u00e7\u00e3o, para os 4 anos. O processo ter\u00e1 a participa\u00e7\u00e3o da popula\u00e7\u00e3o, que poder\u00e1 opinar sobre as prioridades que est\u00e3o sendo definidas.<\/p>\n\n\n\n<p><em>(Fonte\/Imagem: Prefeitura de Jundia\u00ed)<\/em><\/p>\n","protected":false},"excerpt":{"rendered":"<p>Foi apresentado para os gestores municipais as premissas e o calend\u00e1rio do plano de trabalho que se estende at\u00e9 agosto<\/p>\n","protected":false},"author":25,"featured_media":73871,"comment_status":"closed","ping_status":"closed","sticky":false,"template":"","format":"standard","meta":{"footnotes":""},"categories":[2829,1],"tags":[],"class_list":["post-73870","post","type-post","status-publish","format-standard","has-post-thumbnail","hentry","category-economia","category-noticias"],"_links":{"self":[{"href":"https:\/\/tvtecjundiai.com.br\/news\/wp-json\/wp\/v2\/posts\/73870","targetHints":{"allow":["GET"]}}],"collection":[{"href":"https:\/\/tvtecjundiai.com.br\/news\/wp-json\/wp\/v2\/posts"}],"about":[{"href":"https:\/\/tvtecjundiai.com.br\/news\/wp-json\/wp\/v2\/types\/post"}],"author":[{"embeddable":true,"href":"https:\/\/tvtecjundiai.com.br\/news\/wp-json\/wp\/v2\/users\/25"}],"replies":[{"embeddable":true,"href":"https:\/\/tvtecjundiai.com.br\/news\/wp-json\/wp\/v2\/comments?post=73870"}],"version-history":[{"count":1,"href":"https:\/\/tvtecjundiai.com.br\/news\/wp-json\/wp\/v2\/posts\/73870\/revisions"}],"predecessor-version":[{"id":73872,"href":"https:\/\/tvtecjundiai.com.br\/news\/wp-json\/wp\/v2\/posts\/73870\/revisions\/73872"}],"wp:featuredmedia":[{"embeddable":true,"href":"https:\/\/tvtecjundiai.com.br\/news\/wp-json\/wp\/v2\/media\/73871"}],"wp:attachment":[{"href":"https:\/\/tvtecjundiai.com.br\/news\/wp-json\/wp\/v2\/media?parent=73870"}],"wp:term":[{"taxonomy":"category","embeddable":true,"href":"https:\/\/tvtecjundiai.com.br\/news\/wp-json\/wp\/v2\/categories?post=73870"},{"taxonomy":"post_tag","embeddable":true,"href":"https:\/\/tvtecjundiai.com.br\/news\/wp-json\/wp\/v2\/tags?post=73870"}],"curies":[{"name":"wp","href":"https:\/\/api.w.org\/{rel}","templated":true}]}}