{"id":73873,"date":"2021-04-13T11:25:09","date_gmt":"2021-04-13T14:25:09","guid":{"rendered":"https:\/\/tvtecjundiai.com.br\/news\/?p=73873"},"modified":"2021-04-13T15:11:52","modified_gmt":"2021-04-13T18:11:52","slug":"inscricoes-para-o-centro-de-linguas-encerram-na-sexta-feira-16","status":"publish","type":"post","link":"https:\/\/tvtecjundiai.com.br\/news\/2021\/04\/13\/inscricoes-para-o-centro-de-linguas-encerram-na-sexta-feira-16\/","title":{"rendered":"Inscri\u00e7\u00f5es para o Centro de L\u00ednguas encerram na sexta-feira (16)"},"content":{"rendered":"\n<p>As inscri\u00e7\u00f5es para os cursos do Centro de L\u00ednguas e de Tecnologia da Informa\u00e7\u00e3o \u201cAnt\u00f4nio Houaiss\u201d \u2013 equipamento da Prefeitura de Jundia\u00ed, da Unidade de Gest\u00e3o de Educa\u00e7\u00e3o (UGE) \u2013 encerram na sexta-feira (16), al\u00e9m dos cursos gratuitos de Ingl\u00eas, Franc\u00eas e Italiano, tamb\u00e9m foram abertas as vagas para Espanhol. As inscri\u00e7\u00f5es podem ser realizadas no&nbsp;<a href=\"https:\/\/jundiai.sp.gov.br\/educacao\/complexo-argos\/centro-municipal-de-linguas-antonio-houaiss\/inscricao-centro-de-linguas\/\">site da Prefeitura de Jundia\u00ed.<\/a>&nbsp;<\/p>\n\n\n\n<p>Os interessados devem atender aos requisitos: ter no m\u00ednimo 14 anos, morar em Jundia\u00ed, ter conclu\u00eddo o ensino fundamental ou estar cursando o 9\u00ba ano, possuir um dispositivo com acesso \u00e0 internet e conhecimentos de inform\u00e1tica para intera\u00e7\u00f5es em plataforma digital, indicar um e-mail v\u00e1lido e ativo. Alunos que est\u00e3o com curso em andamento no Centro de L\u00ednguas n\u00e3o poder\u00e3o fazer nova inscri\u00e7\u00e3o.&nbsp;<\/p>\n\n\n\n<div class=\"wp-block-image\"><figure class=\"aligncenter size-large\"><img loading=\"lazy\" decoding=\"async\" width=\"640\" height=\"352\" src=\"https:\/\/tvtecjundiai.com.br\/news\/wp-content\/uploads\/sites\/2\/2021\/04\/aula_italiano_virtual_centro-de-linguas.jpeg\" alt=\"\" class=\"wp-image-73874\" srcset=\"https:\/\/tvtecjundiai.com.br\/news\/wp-content\/uploads\/sites\/2\/2021\/04\/aula_italiano_virtual_centro-de-linguas.jpeg 640w, https:\/\/tvtecjundiai.com.br\/news\/wp-content\/uploads\/sites\/2\/2021\/04\/aula_italiano_virtual_centro-de-linguas-300x165.jpeg 300w\" sizes=\"auto, (max-width: 640px) 100vw, 640px\" \/><figcaption>Durante a pandemia as aulas s\u00e3o realizadas por plataforma digital<\/figcaption><\/figure><\/div>\n\n\n\n<p>Os cursos t\u00eam dura\u00e7\u00e3o de dois anos, com aulas \u00e0s segundas e quartas-feiras ou \u00e0s ter\u00e7as e quintas. Para o curso de Ingl\u00eas as aulas s\u00e3o no per\u00edodo da manh\u00e3, tarde ou noite, para o Espanhol s\u00e3o aulas no per\u00edodo da manh\u00e3, de Italiano no per\u00edodo da manh\u00e3 e tarde e para as aulas de Franc\u00eas no per\u00edodo da manh\u00e3, tarde e noite. Em virtude da pandemia da COVID-19, as aulas ser\u00e3o realizadas em plataforma digital.&nbsp;<\/p>\n\n\n\n<p>Ser\u00e3o destinadas 45% das vagas aos candidatos que optarem pela categoria sorteio; 5% para Pessoas com Defici\u00eancia (que dever\u00e1 ser comprovada por laudo&nbsp; m\u00e9dico na efetiva\u00e7\u00e3o da matr\u00edcula); 50% aos candidatos pela classifica\u00e7\u00e3o por renda, que pode ser feita apenas por candidatos com renda mensal inferior a 3 sal\u00e1rios m\u00ednimos (R$ 3.300,00). Mais informa\u00e7\u00f5es sobre o processo seletivo podem ser conferidas no edital publicado na&nbsp;<a href=\"https:\/\/imprensaoficial.jundiai.sp.gov.br\/edicao-4891\/\">p\u00e1gina 49 da Imprensa Oficial 4891<\/a>, de 31 de mar\u00e7o de 2021.<\/p>\n\n\n\n<p><em>(Fonte\/Imagem: Prefeitura de Jundia\u00ed)<\/em><\/p>\n","protected":false},"excerpt":{"rendered":"<p>As vagas s\u00e3o para os cursos de Ingl\u00eas, Franc\u00eas, Italiano e Espanhol<\/p>\n","protected":false},"author":25,"featured_media":73902,"comment_status":"closed","ping_status":"closed","sticky":false,"template":"","format":"standard","meta":{"footnotes":""},"categories":[2833,29,2828,1],"tags":[],"class_list":["post-73873","post","type-post","status-publish","format-standard","has-post-thumbnail","hentry","category-cultura","category-destaque","category-educacao","category-noticias"],"_links":{"self":[{"href":"https:\/\/tvtecjundiai.com.br\/news\/wp-json\/wp\/v2\/posts\/73873","targetHints":{"allow":["GET"]}}],"collection":[{"href":"https:\/\/tvtecjundiai.com.br\/news\/wp-json\/wp\/v2\/posts"}],"about":[{"href":"https:\/\/tvtecjundiai.com.br\/news\/wp-json\/wp\/v2\/types\/post"}],"author":[{"embeddable":true,"href":"https:\/\/tvtecjundiai.com.br\/news\/wp-json\/wp\/v2\/users\/25"}],"replies":[{"embeddable":true,"href":"https:\/\/tvtecjundiai.com.br\/news\/wp-json\/wp\/v2\/comments?post=73873"}],"version-history":[{"count":4,"href":"https:\/\/tvtecjundiai.com.br\/news\/wp-json\/wp\/v2\/posts\/73873\/revisions"}],"predecessor-version":[{"id":73903,"href":"https:\/\/tvtecjundiai.com.br\/news\/wp-json\/wp\/v2\/posts\/73873\/revisions\/73903"}],"wp:featuredmedia":[{"embeddable":true,"href":"https:\/\/tvtecjundiai.com.br\/news\/wp-json\/wp\/v2\/media\/73902"}],"wp:attachment":[{"href":"https:\/\/tvtecjundiai.com.br\/news\/wp-json\/wp\/v2\/media?parent=73873"}],"wp:term":[{"taxonomy":"category","embeddable":true,"href":"https:\/\/tvtecjundiai.com.br\/news\/wp-json\/wp\/v2\/categories?post=73873"},{"taxonomy":"post_tag","embeddable":true,"href":"https:\/\/tvtecjundiai.com.br\/news\/wp-json\/wp\/v2\/tags?post=73873"}],"curies":[{"name":"wp","href":"https:\/\/api.w.org\/{rel}","templated":true}]}}