{"id":74086,"date":"2021-04-16T09:15:43","date_gmt":"2021-04-16T12:15:43","guid":{"rendered":"https:\/\/tvtecjundiai.com.br\/news\/?p=74086"},"modified":"2021-04-16T09:15:43","modified_gmt":"2021-04-16T12:15:43","slug":"mercado-livre-vai-contratar-25-mil-profissionais-negros-ate-o-fim-do-ano","status":"publish","type":"post","link":"https:\/\/tvtecjundiai.com.br\/news\/2021\/04\/16\/mercado-livre-vai-contratar-25-mil-profissionais-negros-ate-o-fim-do-ano\/","title":{"rendered":"Mercado Livre vai contratar 2,5 mil profissionais negros at\u00e9 o fim do ano"},"content":{"rendered":"\n<p>O Mercado Livre vai contratar 2,5 mil profissionais negros em 2021. O an\u00fancio da a\u00e7\u00e3o de reserva de vagas foi feito nesta quinta-feira, 15, durante o evento Presen\u00e7a Negra, realizado pela companhia para discutir \u201ca pot\u00eancia negra dentro do mercado de trabalho\u201d.<\/p>\n\n\n\n<p>A iniciativa faz parte da estrat\u00e9gia da empresa argentina de dobrar sua opera\u00e7\u00e3o no Brasil. Ao todo, a companhia vai abrir 7,2 mil novos postos de trabalho no Pa\u00eds, dos quais 35% s\u00e3o destinados a a\u00e7\u00f5es afirmativas.<\/p>\n\n\n\n<div class=\"wp-block-image\"><figure class=\"aligncenter size-large\"><img loading=\"lazy\" decoding=\"async\" width=\"703\" height=\"467\" src=\"https:\/\/tvtecjundiai.com.br\/news\/wp-content\/uploads\/sites\/2\/2021\/04\/MERCADO-LIVRE.png\" alt=\"\" class=\"wp-image-74087\" srcset=\"https:\/\/tvtecjundiai.com.br\/news\/wp-content\/uploads\/sites\/2\/2021\/04\/MERCADO-LIVRE.png 703w, https:\/\/tvtecjundiai.com.br\/news\/wp-content\/uploads\/sites\/2\/2021\/04\/MERCADO-LIVRE-300x199.png 300w\" sizes=\"auto, (max-width: 703px) 100vw, 703px\" \/><figcaption>Mercado Livre destaca a for\u00e7a do com\u00e9rcio eletr\u00f4nico no mercado brasileiro<\/figcaption><\/figure><\/div>\n\n\n\n<p>As vagas ser\u00e3o abertas principalmente nas \u00e1reas de log\u00edstica, servi\u00e7os financeiros e tecnologia, segundo a empresa, que ainda n\u00e3o divulgou o cronograma de contrata\u00e7\u00e3o de novos trabalhadores.<\/p>\n\n\n\n<p><strong>Participa\u00e7\u00e3o desigual<br><\/strong>Dados do Mercado Livre mostram que, dos 15 mil profissionais que a empresa mant\u00e9m no Brasil atualmente, 38% se autodeclaram como pretos ou pardos, mas apenas 16% dos cargos do n\u00edvel de ger\u00eancia, ou acima est\u00e3o ocupados por esses funcion\u00e1rios.<\/p>\n\n\n\n<p>A iniciativa da empresa vem ap\u00f3s o Magazine Lu\u00edza ter decidido realizar um programa de trainees exclusivo para candidatos negros. A decis\u00e3o causou pol\u00eamica entre cr\u00edticos de a\u00e7\u00f5es afirmativas, mas foi elogiada por parcela da sociedade. Assim como no Mercado Livre, apenas 16% dos cargos de lideran\u00e7a da rede s\u00e3o ocupados por pessoas que se autodeclaram pretas ou pardas.<\/p>\n\n\n\n<p>Para a supervisora de aquisi\u00e7\u00e3o de talentos do Mercado Livre, Ayodele Camargo, a reserva de vagas feita pela empresa \u00e9 uma \u201ccontrapartida social\u201d \u00e0 popula\u00e7\u00e3o negra. \u201cA inten\u00e7\u00e3o de trazer essas 2,5 mil pessoas \u00e9 oferecer a essa parcela da popula\u00e7\u00e3o as mesmas chances. \u00c9 estender a m\u00e3o e dizer: poder vir, eu confio no seu potencial\u201d, disse durante o evento.<\/p>\n\n\n\n<p><em>(Fonte\/Imagem: Estad\u00e3o)<\/em><\/p>\n","protected":false},"excerpt":{"rendered":"<p>Do total de 7,2 mil novas vagas previstas pela empresa para 2021, 35% ser\u00e3o destinadas a a\u00e7\u00f5es de inclus\u00e3o<\/p>\n","protected":false},"author":25,"featured_media":74087,"comment_status":"closed","ping_status":"closed","sticky":false,"template":"","format":"standard","meta":{"footnotes":""},"categories":[2829,5038,1],"tags":[],"class_list":["post-74086","post","type-post","status-publish","format-standard","has-post-thumbnail","hentry","category-economia","category-emprego","category-noticias"],"_links":{"self":[{"href":"https:\/\/tvtecjundiai.com.br\/news\/wp-json\/wp\/v2\/posts\/74086","targetHints":{"allow":["GET"]}}],"collection":[{"href":"https:\/\/tvtecjundiai.com.br\/news\/wp-json\/wp\/v2\/posts"}],"about":[{"href":"https:\/\/tvtecjundiai.com.br\/news\/wp-json\/wp\/v2\/types\/post"}],"author":[{"embeddable":true,"href":"https:\/\/tvtecjundiai.com.br\/news\/wp-json\/wp\/v2\/users\/25"}],"replies":[{"embeddable":true,"href":"https:\/\/tvtecjundiai.com.br\/news\/wp-json\/wp\/v2\/comments?post=74086"}],"version-history":[{"count":1,"href":"https:\/\/tvtecjundiai.com.br\/news\/wp-json\/wp\/v2\/posts\/74086\/revisions"}],"predecessor-version":[{"id":74088,"href":"https:\/\/tvtecjundiai.com.br\/news\/wp-json\/wp\/v2\/posts\/74086\/revisions\/74088"}],"wp:featuredmedia":[{"embeddable":true,"href":"https:\/\/tvtecjundiai.com.br\/news\/wp-json\/wp\/v2\/media\/74087"}],"wp:attachment":[{"href":"https:\/\/tvtecjundiai.com.br\/news\/wp-json\/wp\/v2\/media?parent=74086"}],"wp:term":[{"taxonomy":"category","embeddable":true,"href":"https:\/\/tvtecjundiai.com.br\/news\/wp-json\/wp\/v2\/categories?post=74086"},{"taxonomy":"post_tag","embeddable":true,"href":"https:\/\/tvtecjundiai.com.br\/news\/wp-json\/wp\/v2\/tags?post=74086"}],"curies":[{"name":"wp","href":"https:\/\/api.w.org\/{rel}","templated":true}]}}