{"id":74114,"date":"2021-04-28T09:35:00","date_gmt":"2021-04-28T12:35:00","guid":{"rendered":"https:\/\/tvtecjundiai.com.br\/news\/?p=74114"},"modified":"2021-04-28T09:32:00","modified_gmt":"2021-04-28T12:32:00","slug":"covid-19-quando-tomar-a-segunda-dose-da-vacina-e-o-que-fazer-se-perder-o-prazo","status":"publish","type":"post","link":"https:\/\/tvtecjundiai.com.br\/news\/2021\/04\/28\/covid-19-quando-tomar-a-segunda-dose-da-vacina-e-o-que-fazer-se-perder-o-prazo\/","title":{"rendered":"COVID-19: quando tomar a segunda dose da vacina e o que fazer se perder o prazo"},"content":{"rendered":"\n<p>Um relat\u00f3rio recente do Minist\u00e9rio da Sa\u00fade mostrou que mais de 1,5 milh\u00e3o de pessoas deixaram de tomar a segunda dose das vacinas contra a COVID-19 no pa\u00eds. A aus\u00eancia pode ter rela\u00e7\u00e3o com eventuais d\u00favidas suscitadas em rela\u00e7\u00e3o ao intervalo entre as doses dos diferentes imunizantes administrados no pa\u00eds.<\/p>\n\n\n\n<p>Um novo estudo determinou que a vacina Coronavac pode ser ainda mais eficaz se tomada em um intervalo maior que 21 dias. A recomenda\u00e7\u00e3o do fabricante \u00e9 que o intervalo entre as duas doses seja de 14 a 28 dias.<\/p>\n\n\n\n<p>Da mesma forma, questiona-se sobre a segunda dose da vacina Oxford-AstraZeneca, j\u00e1 que, com intervalo bem maior recomendado entre as doses \u2013 de at\u00e9 12 semanas \u2013, pode se perder de vista quando o imunizante deve ser aplicado novamente.<\/p>\n\n\n\n<figure class=\"wp-block-image size-large\"><img loading=\"lazy\" decoding=\"async\" width=\"1200\" height=\"800\" src=\"https:\/\/tvtecjundiai.com.br\/news\/wp-content\/uploads\/sites\/2\/2021\/02\/vacina_dose-1200x800.jpeg\" alt=\"\" class=\"wp-image-71230\" srcset=\"https:\/\/tvtecjundiai.com.br\/news\/wp-content\/uploads\/sites\/2\/2021\/02\/vacina_dose-1200x800.jpeg 1200w, https:\/\/tvtecjundiai.com.br\/news\/wp-content\/uploads\/sites\/2\/2021\/02\/vacina_dose-300x200.jpeg 300w, https:\/\/tvtecjundiai.com.br\/news\/wp-content\/uploads\/sites\/2\/2021\/02\/vacina_dose-768x512.jpeg 768w, https:\/\/tvtecjundiai.com.br\/news\/wp-content\/uploads\/sites\/2\/2021\/02\/vacina_dose.jpeg 1280w\" sizes=\"auto, (max-width: 1200px) 100vw, 1200px\" \/><figcaption>Mais de 1,5 milh\u00e3o de pessoas deixaram de tomar a segunda dose das vacinas contra a Covid-19 no pa\u00eds<\/figcaption><\/figure>\n\n\n\n<p>Especialistas esclarecem as d\u00favidas mais recorrentes.<\/p>\n\n\n\n<ol class=\"wp-block-list\"><li><strong>Quem deve tomar as duas doses das vacinas Coronavac e Oxford-AstraZeneca?<\/strong><br>Ambas as vacinas est\u00e3o autorizadas para pessoas com idade a partir de 18 anos e que perten\u00e7am aos grupos priorit\u00e1rios para vacina\u00e7\u00e3o. \u00c9 preciso respeitar o cronograma de vacina\u00e7\u00e3o indicado pelas autoridades de sa\u00fade de sua cidade.<\/li><li><strong>Qual o prazo indicado para tomar as duas doses das vacinas Coronavac e Oxford-AstraZeneca?<\/strong><br>Coronavac: o esquema vacinal completo \u00e9 composto por duas doses. Conforme os estudos cl\u00ednicos e a indica\u00e7\u00e3o na bula, o intervalo entre a primeira e a segunda deve ser de 14 a 28 dias para aplica\u00e7\u00e3o da segunda dose. Ap\u00f3s a aplica\u00e7\u00e3o da primeira dose, a pessoa ser\u00e1 informada, no local, sobre a data de retorno. AstraZeneca: o esquema vacinal \u00e9 composto por duas doses. A segunda dose deve ser administrada 12 semanas ap\u00f3s a primeira.<\/li><li><strong>Ap\u00f3s tomar a vacina, em quanto tempo estarei protegido?<\/strong><br>Coronavac: s\u00e3o necess\u00e1rias ao menos duas semanas para que seja obtida uma resposta imune (prote\u00e7\u00e3o) adequada. Sendo assim, algumas pessoas podem ainda desenvolver a doen\u00e7a ou a infec\u00e7\u00e3o mesmo tendo sido vacinadas, mas poder\u00e3o ter uma forma menos grave, segundo o Instituto Butantan. AstraZeneca: estudos indicaram que a primeira dose tem efic\u00e1cia de at\u00e9 70% contra o coronav\u00edrus nos primeiros tr\u00eas meses, quando se d\u00e1 a necessidade de tomar a segunda dose para garantir a mesma prote\u00e7\u00e3o.<\/li><li><strong>O que acontece se eu n\u00e3o tomar as duas doses das vacinas Coronavac e Oxford-AstraZeneca?<\/strong><br>Voc\u00ea pode n\u00e3o adquirir imunidade contra a Covid-19. O esquema de todas as vacinas contra a Covid-19 que est\u00e3o sendo desenvolvidas e j\u00e1 foram aprovadas, exceto a da Janssen, \u00e9 de duas doses. Isso significa que, de acordo com os estudos divulgados, a efic\u00e1cia prometida s\u00f3 ser\u00e1 entregue ap\u00f3s as pessoas tomarem a segunda dose da vacina. A recomenda\u00e7\u00e3o vale para os imunizantes Coronavac e Oxford-AstraZeneca, segundo Renato Kfouri, diretor da Sociedade Brasileira de Imuniza\u00e7\u00f5es (SBIm).<\/li><li><strong>Por que \u00e9 necess\u00e1rio tomar as duas doses das vacinas Coronavac e Oxford-AstraZeneca?<\/strong><br>Para garantir a imunidade contra a Covid-19. No caso da vacina Oxford-AstraZeneca, a primeira dose oferece uma prote\u00e7\u00e3o em torno de 70% por pelo menos tr\u00eas meses. Depois essa prote\u00e7\u00e3o cai, segundo os pesquisadores que a criaram. Por isso a necessidade da segunda dose para refor\u00e7ar. J\u00e1 a Coronavac n\u00e3o tem o dado de efic\u00e1cia de apenas uma dose, ou seja, n\u00e3o se sabe o quanto o indiv\u00edduo fica protegido, porque os estudos foram feitos com intervalo muito curto entre a primeira e a segunda dose, explica Kfouri.<\/li><li><strong>Posso tomar a segunda dose mesmo se eu perder o prazo?<\/strong><br>Sim. Mas recomenda-se seguir o intervalo estipulado pelos fabricantes de cada imunizante para garantir a efic\u00e1cia esperada e documentada nos estudos. Para quem perdeu o prazo da segunda dose, n\u00e3o \u00e9 recomendado reiniciar o esquema, ou seja, come\u00e7ar do zero e tomar de novo a primeira dose. Basta ir ao posto de sa\u00fade com o cart\u00e3o vacinal que comprova a aplica\u00e7\u00e3o da primeira dose e pedir a segunda dose. Isso vale para ambas as vacinas.<\/li><li><strong>O que acontece se tomar a segunda dose em um intervalo menor que o recomendado?<\/strong><br>A dose dever\u00e1 ser desconsiderada, e outra deve ser aplicada no intervalo correto, segundo a SBIm.<\/li><li><strong>Posso tomar vacina de fabricantes diferentes?<\/strong><br>N\u00e3o \u00e9 recomendado pelos pr\u00f3prios fabricantes, porque n\u00e3o h\u00e1 nenhum dado de intercambialidade de produtos. Ou seja, caso uma pessoa tome vacinas de produtores diferentes, n\u00e3o se sabe se ela estar\u00e1 segura nem se ir\u00e1 garantir a imunidade necess\u00e1ria para evitar formas graves da Covid-19. Por isso, recomenda-se ter o documento de vacina\u00e7\u00e3o em m\u00e3os para saber que dose voc\u00ea tomou e aplicar a mesma vacina.<\/li><li><strong>O que acontece se eu tomar vacinas diferentes?<\/strong><br>A SBIm orienta que os esquemas de vacina\u00e7\u00e3o devam ser completados com a mesma vacina. No caso de pessoas vacinadas com dois imunizantes diferentes, a orienta\u00e7\u00e3o do Minist\u00e9rio da Sa\u00fade \u00e9 informar no \u201ce-SUS Notifica\u201d que houve erro de notifica\u00e7\u00e3o e acompanhar poss\u00edveis eventos adversos e epis\u00f3dios de falha vacinal. Segundo o Minist\u00e9rio da Sa\u00fade, quem tomar vacinas diferentes n\u00e3o pode ser considerado devidamente imunizado. A pasta tamb\u00e9m informa que, no momento, n\u00e3o \u00e9 recomendada a administra\u00e7\u00e3o de doses adicionais de vacinas Covid-19.<\/li><li><strong>Posso tomar a vacina em postos diferentes?<\/strong><br>Sim. Se estiver em deslocamento, \u00e9 poss\u00edvel tomar em outro local, pois o registro do Programa Nacional de Imuniza\u00e7\u00f5es (PNI) \u00e9 eletr\u00f4nico. O importante \u00e9 receber uma vacina da mesma marca para garantir o sucesso da imuniza\u00e7\u00e3o, segundo a SBIm.<\/li><li><strong>Posso tomar a CoronaVac ou a vacina de Oxford logo ap\u00f3s receber a vacina contra a gripe?<\/strong><br>N\u00e3o pode. A recomenda\u00e7\u00e3o atual \u00e9 a de que seja respeitado um intervalo de no m\u00ednimo 14 dias entre a administra\u00e7\u00e3o da vacina Covid-19 e outras vacinas. Se, por engano, este intervalo n\u00e3o for cumprido, a secretaria de sa\u00fade do munic\u00edpio deve ser notificada, pois trata-se de erro de imuniza\u00e7\u00e3o.<\/li><li><strong>Quais cuidados devo tomar no intervalo das duas doses?<\/strong><br>\u00c9 importante manter as medidas de preven\u00e7\u00e3o contra a Covid-19 tomando uma ou duas doses da vacina, segundo especialistas. E isso significa manter o uso de m\u00e1scara, a higieniza\u00e7\u00e3o das m\u00e3os com \u00e1gua e sab\u00e3o ou \u00e1lcool gel, e manter o distanciamento social.<\/li><\/ol>\n\n\n\n<p><em>(Texto: CNN\/Imagem: TVTEC)<\/em><\/p>\n","protected":false},"excerpt":{"rendered":"<p>Mais de 1,5 milh\u00e3o de pessoas deixaram de tomar a segunda dose das vacinas contra a COVID-19 no pa\u00eds<\/p>\n","protected":false},"author":9,"featured_media":71822,"comment_status":"closed","ping_status":"closed","sticky":false,"template":"","format":"standard","meta":{"footnotes":""},"categories":[8356,1],"tags":[],"class_list":["post-74114","post","type-post","status-publish","format-standard","has-post-thumbnail","hentry","category-jundiai","category-noticias"],"_links":{"self":[{"href":"https:\/\/tvtecjundiai.com.br\/news\/wp-json\/wp\/v2\/posts\/74114","targetHints":{"allow":["GET"]}}],"collection":[{"href":"https:\/\/tvtecjundiai.com.br\/news\/wp-json\/wp\/v2\/posts"}],"about":[{"href":"https:\/\/tvtecjundiai.com.br\/news\/wp-json\/wp\/v2\/types\/post"}],"author":[{"embeddable":true,"href":"https:\/\/tvtecjundiai.com.br\/news\/wp-json\/wp\/v2\/users\/9"}],"replies":[{"embeddable":true,"href":"https:\/\/tvtecjundiai.com.br\/news\/wp-json\/wp\/v2\/comments?post=74114"}],"version-history":[{"count":3,"href":"https:\/\/tvtecjundiai.com.br\/news\/wp-json\/wp\/v2\/posts\/74114\/revisions"}],"predecessor-version":[{"id":74812,"href":"https:\/\/tvtecjundiai.com.br\/news\/wp-json\/wp\/v2\/posts\/74114\/revisions\/74812"}],"wp:featuredmedia":[{"embeddable":true,"href":"https:\/\/tvtecjundiai.com.br\/news\/wp-json\/wp\/v2\/media\/71822"}],"wp:attachment":[{"href":"https:\/\/tvtecjundiai.com.br\/news\/wp-json\/wp\/v2\/media?parent=74114"}],"wp:term":[{"taxonomy":"category","embeddable":true,"href":"https:\/\/tvtecjundiai.com.br\/news\/wp-json\/wp\/v2\/categories?post=74114"},{"taxonomy":"post_tag","embeddable":true,"href":"https:\/\/tvtecjundiai.com.br\/news\/wp-json\/wp\/v2\/tags?post=74114"}],"curies":[{"name":"wp","href":"https:\/\/api.w.org\/{rel}","templated":true}]}}