{"id":7428,"date":"2018-03-14T08:33:56","date_gmt":"2018-03-14T11:33:56","guid":{"rendered":"https:\/\/tvtecjundiai.com.br\/news\/?p=7428"},"modified":"2018-03-14T08:34:20","modified_gmt":"2018-03-14T11:34:20","slug":"economia-pat-divulga-vagas-disponiveis-em-jundiai-e-regiao-14-3","status":"publish","type":"post","link":"https:\/\/tvtecjundiai.com.br\/news\/2018\/03\/14\/economia-pat-divulga-vagas-disponiveis-em-jundiai-e-regiao-14-3\/","title":{"rendered":"Economia: PAT divulga vagas dispon\u00edveis em Jundia\u00ed e regi\u00e3o (14)"},"content":{"rendered":"<p>Confira as vagas<\/p>\n<ul>\n<li><strong>Atendente de Servi\u00e7o Odontol\u00f3gico<\/strong>\u00a0(liberado em 09\/03\/2018) \u2013 6 meses de experi\u00eancia em CTPS; ensino m\u00e9dio completo; necess\u00e1rio curso t\u00e9cnico; somente candidatos de Jundia\u00ed.<\/li>\n<li><strong>Auxiliar de Enfermagem<\/strong>\u00a0(liberado em 12\/03\/2018) \u2013 6 meses de experiencia n\u00e3o em CTPS; ensino m\u00e9dio completo; com curso conclu\u00eddo; Coren Ativo.<\/li>\n<li><strong>Borracheiro<\/strong>\u00a0(liberado em 12\/03\/2018) \u2013 6 meses de experi\u00eancia em CTPS; ensino fundamental completo; somente candidatos de Jundia\u00ed e Itupeva.<\/li>\n<li><strong>Carpinteiro<\/strong>\u00a0(liberado em 14\/03\/2018) \u2013 6 meses de experi\u00eancia em CTPS; ensino fundamental incompleto; somente candidatos de Jundia\u00ed, Vinhedo, Valinhos e Louveira.<\/li>\n<li><strong>Enfermeiro<\/strong>\u00a0(liberado em 12\/03\/2018) \u2013 6 meses de experi\u00eancia n\u00e3o em CTPS, ensino superior completo de enfermagem, necess\u00e1rio COREN ativo, atendimento Home Care.<\/li>\n<li><strong>Mec\u00e2nico de Autos em Geral<\/strong>\u00a0(liberado em 07\/03\/2018) \u2013 6 meses de experiencia em CTPS; ensino fundamental completo; somente candidatos de Jundia\u00ed e Itupeva.<\/li>\n<li><strong>Motorista Carreteiro<\/strong>\u00a0(liberado em 08\/03\/2018) \u2013 6 meses de experi\u00eancia em CTPS; ensino m\u00e9dio incompleto; CNH &#8220;E&#8221;, curso MOOP.<\/li>\n<li><strong>Promotor de Vendas<\/strong>\u00a0(liberado em 14\/03\/2018) \u2013 3 meses de experiencia em CTPS; ensino m\u00e9dio completo; necess\u00e1rio CNH &#8220;A&#8221; e moto pr\u00f3pria; somente candidatos de Jundia\u00ed, V\u00e1rzea Paulista e Campo Limpo Paulista.<\/li>\n<li><strong>T\u00e9cnico de Enfermagem<\/strong>\u00a0(liberado em 12\/03\/2018) \u2013 6 meses de experi\u00eancia, n\u00e3o em CTPS, ensino m\u00e9dio completo; necess\u00e1rio ter Coren Ativo; obrigat\u00f3rio ter curso na \u00e1rea.<\/li>\n<li><strong>T\u00e9cnico em Atendimento de Vendas<\/strong>\u00a0(liberado em 12\/03\/2018) \u2013 6 meses de experi\u00eancia em CTPS; ensino m\u00e9dio completo; necess\u00e1rio CNH.<\/li>\n<li><strong>Vendedor no Com\u00e9rcio Varejista<\/strong>\u00a0(liberado em 09\/03\/2018) \u2013 6 meses de experi\u00eancia em CTPS; ensino m\u00e9dio completo; necess\u00e1rio CNH &#8220;A&#8221; e moto pr\u00f3pria ; somente candidatos de Jundia\u00ed, V\u00e1rzea Paulista e Campo Limpo Paulista.<\/li>\n<\/ul>\n<p>Os interessados devem comparecer \u00e0 rua Zacarias de Goes, 530 \u2013 Centro. O atendimento do PAT Jundia\u00ed \u00e9 feito de segunda a sexta-feira, das 8 \u00e0s 16h30 horas. \u00c9 necess\u00e1rio levar RG, CPF, carteira de trabalho, PIS ou cart\u00e3o do cidad\u00e3o.<\/p>\n<p>\u00daltima atualiza\u00e7\u00e3o em\u00a014\/03\/2018 07:11<\/p>\n<p><em>(Fonte: Prefeitura de Jundia\u00ed)<\/em><\/p>\n","protected":false},"excerpt":{"rendered":"<p>Pode haver altera\u00e7\u00e3o no quadro de disponibilidade durante a semana<\/p>\n","protected":false},"author":11,"featured_media":7091,"comment_status":"closed","ping_status":"closed","sticky":false,"template":"","format":"standard","meta":{"footnotes":""},"categories":[29,1],"tags":[286,37,39,253,185,43],"class_list":["post-7428","post","type-post","status-publish","format-standard","has-post-thumbnail","hentry","category-destaque","category-noticias","tag-carteira-de-trabalho","tag-emprego","tag-pat","tag-pat-de-jundiai","tag-trabalho","tag-vagas-de-emprego"],"_links":{"self":[{"href":"https:\/\/tvtecjundiai.com.br\/news\/wp-json\/wp\/v2\/posts\/7428","targetHints":{"allow":["GET"]}}],"collection":[{"href":"https:\/\/tvtecjundiai.com.br\/news\/wp-json\/wp\/v2\/posts"}],"about":[{"href":"https:\/\/tvtecjundiai.com.br\/news\/wp-json\/wp\/v2\/types\/post"}],"author":[{"embeddable":true,"href":"https:\/\/tvtecjundiai.com.br\/news\/wp-json\/wp\/v2\/users\/11"}],"replies":[{"embeddable":true,"href":"https:\/\/tvtecjundiai.com.br\/news\/wp-json\/wp\/v2\/comments?post=7428"}],"version-history":[{"count":2,"href":"https:\/\/tvtecjundiai.com.br\/news\/wp-json\/wp\/v2\/posts\/7428\/revisions"}],"predecessor-version":[{"id":7430,"href":"https:\/\/tvtecjundiai.com.br\/news\/wp-json\/wp\/v2\/posts\/7428\/revisions\/7430"}],"wp:featuredmedia":[{"embeddable":true,"href":"https:\/\/tvtecjundiai.com.br\/news\/wp-json\/wp\/v2\/media\/7091"}],"wp:attachment":[{"href":"https:\/\/tvtecjundiai.com.br\/news\/wp-json\/wp\/v2\/media?parent=7428"}],"wp:term":[{"taxonomy":"category","embeddable":true,"href":"https:\/\/tvtecjundiai.com.br\/news\/wp-json\/wp\/v2\/categories?post=7428"},{"taxonomy":"post_tag","embeddable":true,"href":"https:\/\/tvtecjundiai.com.br\/news\/wp-json\/wp\/v2\/tags?post=7428"}],"curies":[{"name":"wp","href":"https:\/\/api.w.org\/{rel}","templated":true}]}}