{"id":74373,"date":"2021-04-21T09:30:09","date_gmt":"2021-04-21T12:30:09","guid":{"rendered":"https:\/\/tvtecjundiai.com.br\/news\/?p=74373"},"modified":"2021-04-21T09:30:36","modified_gmt":"2021-04-21T12:30:36","slug":"equipe-do-sesi-jundiai-conhece-o-centro-internacional-de-estudos-memorias-e-pesquisas-da-infancia-ciempi","status":"publish","type":"post","link":"https:\/\/tvtecjundiai.com.br\/news\/2021\/04\/21\/equipe-do-sesi-jundiai-conhece-o-centro-internacional-de-estudos-memorias-e-pesquisas-da-infancia-ciempi\/","title":{"rendered":"Equipe do Sesi Jundia\u00ed conhece o Centro Internacional de Estudos, Mem\u00f3rias e Pesquisas da Inf\u00e2ncia"},"content":{"rendered":"\n<p>A gestora da Unidade de Educa\u00e7\u00e3o, Vast\u00ed Ferrari Marques, recebeu, na tarde desta ter\u00e7a-feira (20), a equipe gestora do Sesi Jundia\u00ed, que conheceu o CIEMPI (Centro Internacional de Estudos, Mem\u00f3rias e Pesquisas da Inf\u00e2ncia).&nbsp;<\/p>\n\n\n\n<p>Durante a visita, o grupo conheceu cada ateli\u00ea do Centro: da natureza, de construtividade, gr\u00e1fico, do sabor, pesquisa dos beb\u00eas e linguagem digital e tecnologia e recebeu a explica\u00e7\u00e3o da equipe t\u00e9cnica sobre as atividades realizadas em cada espa\u00e7o. \u201cTrabalhamos fortemente com o conceito da experi\u00eancia, daquilo que nos afeta e nos toca. A experi\u00eancia \u00e9 subjetiva, \u00fanica e particular, por isso, estimulamos tamb\u00e9m os nossos educadores a vivenciarem as atividades aqui realizadas\u201d, comentou a supervisora escolar do CIEMPI, Cleane Aparecida dos Santos.&nbsp;<\/p>\n\n\n\n<p>\u201cNa sexta-feira (16) conhecemos o Mundo das Crian\u00e7as e, a convite do prefeito Luiz Fernando e da gestora Vast\u00ed, viemos conhecer o CIEMPI. O intuito \u00e9 entender o espa\u00e7o, o trabalho e pensar como integrar as atividades e fazer uma conex\u00e3o e parceria para que possamos trazer nossos alunos ap\u00f3s o retorno das aulas presenciais. O local \u00e9 uma inspira\u00e7\u00e3o\u201d, comentou a diretora do Centro de Atividades do Sesil, Alexandra Salom\u00e3o.\u00a0<\/p>\n\n\n\n<div class=\"wp-block-image\"><figure class=\"aligncenter size-large\"><img loading=\"lazy\" decoding=\"async\" width=\"1200\" height=\"800\" src=\"https:\/\/tvtecjundiai.com.br\/news\/wp-content\/uploads\/sites\/2\/2021\/04\/visita_sesi_no_ciempi-69-1200x800.jpg\" alt=\"\" class=\"wp-image-74374\" srcset=\"https:\/\/tvtecjundiai.com.br\/news\/wp-content\/uploads\/sites\/2\/2021\/04\/visita_sesi_no_ciempi-69-1200x800.jpg 1200w, https:\/\/tvtecjundiai.com.br\/news\/wp-content\/uploads\/sites\/2\/2021\/04\/visita_sesi_no_ciempi-69-300x200.jpg 300w, https:\/\/tvtecjundiai.com.br\/news\/wp-content\/uploads\/sites\/2\/2021\/04\/visita_sesi_no_ciempi-69-768x512.jpg 768w, https:\/\/tvtecjundiai.com.br\/news\/wp-content\/uploads\/sites\/2\/2021\/04\/visita_sesi_no_ciempi-69.jpg 1280w\" sizes=\"auto, (max-width: 1200px) 100vw, 1200px\" \/><figcaption>Visita \u00e9 um primeiro passo para parceria com o Sesi<\/figcaption><\/figure><\/div>\n\n\n\n<p>Vinculado ao Departamento de Forma\u00e7\u00e3o da UGE, o Centro \u00e9 fruto de um projeto da UGE, em parceria com o NEPP-UNICAMP, \u00e9 destinado a toda comunidade jundiaiense e a todas as pessoas que se interessem pela educa\u00e7\u00e3o patrimonial, os estudos da mem\u00f3ria e as pesquisas da inf\u00e2ncia.<\/p>\n\n\n\n<p>Vast\u00ed lembra que o CIEMPI \u00e9 o primeiro Centro Internacional, no Brasil, com o objetivo de preservar a mem\u00f3ria, pesquisas da inf\u00e2ncia, patrim\u00f4nio hist\u00f3rico cultural e imaterial dentro da hist\u00f3ria da educa\u00e7\u00e3o no munic\u00edpio. \u201cEstamos felizes em receber a equipe do Sesi, esse \u00e9 um primeiro passo para estabelecermos uma futura parceria\u201d, afirma a gestora.<\/p>\n\n\n\n<p><em>(Fonte\/Imagem: Prefeitura de Jundia\u00ed)<\/em><\/p>\n","protected":false},"excerpt":{"rendered":"<p>A visita \u00e9 o primeiro passo para parceria com o Sesi<\/p>\n","protected":false},"author":25,"featured_media":74374,"comment_status":"closed","ping_status":"closed","sticky":false,"template":"","format":"standard","meta":{"footnotes":""},"categories":[2834,2833,2828,1],"tags":[],"class_list":["post-74373","post","type-post","status-publish","format-standard","has-post-thumbnail","hentry","category-cidades","category-cultura","category-educacao","category-noticias"],"_links":{"self":[{"href":"https:\/\/tvtecjundiai.com.br\/news\/wp-json\/wp\/v2\/posts\/74373","targetHints":{"allow":["GET"]}}],"collection":[{"href":"https:\/\/tvtecjundiai.com.br\/news\/wp-json\/wp\/v2\/posts"}],"about":[{"href":"https:\/\/tvtecjundiai.com.br\/news\/wp-json\/wp\/v2\/types\/post"}],"author":[{"embeddable":true,"href":"https:\/\/tvtecjundiai.com.br\/news\/wp-json\/wp\/v2\/users\/25"}],"replies":[{"embeddable":true,"href":"https:\/\/tvtecjundiai.com.br\/news\/wp-json\/wp\/v2\/comments?post=74373"}],"version-history":[{"count":2,"href":"https:\/\/tvtecjundiai.com.br\/news\/wp-json\/wp\/v2\/posts\/74373\/revisions"}],"predecessor-version":[{"id":74376,"href":"https:\/\/tvtecjundiai.com.br\/news\/wp-json\/wp\/v2\/posts\/74373\/revisions\/74376"}],"wp:featuredmedia":[{"embeddable":true,"href":"https:\/\/tvtecjundiai.com.br\/news\/wp-json\/wp\/v2\/media\/74374"}],"wp:attachment":[{"href":"https:\/\/tvtecjundiai.com.br\/news\/wp-json\/wp\/v2\/media?parent=74373"}],"wp:term":[{"taxonomy":"category","embeddable":true,"href":"https:\/\/tvtecjundiai.com.br\/news\/wp-json\/wp\/v2\/categories?post=74373"},{"taxonomy":"post_tag","embeddable":true,"href":"https:\/\/tvtecjundiai.com.br\/news\/wp-json\/wp\/v2\/tags?post=74373"}],"curies":[{"name":"wp","href":"https:\/\/api.w.org\/{rel}","templated":true}]}}