{"id":74473,"date":"2021-04-23T08:30:00","date_gmt":"2021-04-23T11:30:00","guid":{"rendered":"https:\/\/tvtecjundiai.com.br\/news\/?p=74473"},"modified":"2021-04-23T09:02:15","modified_gmt":"2021-04-23T12:02:15","slug":"cooperativa-paulista-de-danca-oferece-oficina-gratuita-para-interessados-em-jundiai","status":"publish","type":"post","link":"https:\/\/tvtecjundiai.com.br\/news\/2021\/04\/23\/cooperativa-paulista-de-danca-oferece-oficina-gratuita-para-interessados-em-jundiai\/","title":{"rendered":"Cooperativa Paulista de Dan\u00e7a oferece oficina gratuita e on-line em Jundia\u00ed"},"content":{"rendered":"\n<p>A Cooperativa Paulista de Dan\u00e7a oferece, em parceria com a Unidade de Gest\u00e3o de Cultura (UGC), a oficina gratuita \u201cProdu\u00e7\u00e3o Cultural \u2013 \u00c9 poss\u00edvel transformar a\u00e7\u00f5es presenciais em virtuais e manter as pontes de afeto\u201d. A forma\u00e7\u00e3o, que faz parte do programa \u201cDan\u00e7a por toda parte\u201d, \u00e9 voltada para agentes culturais, estudantes, artistas, al\u00e9m de interessados em geral no trabalho de produ\u00e7\u00e3o cultural, em Jundia\u00ed e regi\u00e3o.<\/p>\n\n\n\n<p>A oficina com Junior Guimar\u00e3es ser\u00e1 realizada pela plataforma Zoom, nos dias 27 e 29 de abril e 4 e 6 de maio (ter\u00e7as e quintas-feiras), das 19h \u00e0s 21h, com dura\u00e7\u00e3o total de oito horas. Est\u00e3o dispon\u00edveis 50 vagas. Os interessados devem se inscrever pela internet at\u00e9 dois dias antes do in\u00edcio do curso. Haver\u00e1 entrega de certificado para os participantes que tiverem ao menos 75% de presen\u00e7a.<\/p>\n\n\n\n<figure class=\"wp-block-image size-large\"><img loading=\"lazy\" decoding=\"async\" width=\"1147\" height=\"765\" src=\"https:\/\/tvtecjundiai.com.br\/news\/wp-content\/uploads\/sites\/2\/2021\/04\/apresentacao-cia-de-danca-no-polytheama_c_-24-1.jpg\" alt=\"\" class=\"wp-image-74474\" srcset=\"https:\/\/tvtecjundiai.com.br\/news\/wp-content\/uploads\/sites\/2\/2021\/04\/apresentacao-cia-de-danca-no-polytheama_c_-24-1.jpg 1147w, https:\/\/tvtecjundiai.com.br\/news\/wp-content\/uploads\/sites\/2\/2021\/04\/apresentacao-cia-de-danca-no-polytheama_c_-24-1-300x200.jpg 300w, https:\/\/tvtecjundiai.com.br\/news\/wp-content\/uploads\/sites\/2\/2021\/04\/apresentacao-cia-de-danca-no-polytheama_c_-24-1-768x512.jpg 768w\" sizes=\"auto, (max-width: 1147px) 100vw, 1147px\" \/><figcaption>Oficina \u00e9 voltada para agentes culturais, estudantes, artistas, al\u00e9m de interessados em geral no trabalho de produ\u00e7\u00e3o cultural<\/figcaption><\/figure>\n\n\n\n<p>O objetivo principal da oficina \u00e9 refletir sobre as novas formas de elabora\u00e7\u00e3o e execu\u00e7\u00e3o de projetos e festivais culturais atrav\u00e9s da inclus\u00e3o dos meios digitais. \u00c9 uma oficina que aborda pr\u00e1ticas atuais do mercado de eventos refletindo sobre como planejar, estudar a viabilidade do projeto, cronograma, gerenciamento e execu\u00e7\u00e3o de todos os processos produtivos, desde a prepara\u00e7\u00e3o, passando por produ\u00e7\u00e3o e p\u00f3s-produ\u00e7\u00e3o, considerando todas as rela\u00e7\u00f5es e consequ\u00eancias causadas pelo distanciamento e o contexto pol\u00edtico-social na pandemia de Covid-19.<\/p>\n\n\n\n<p>O projeto \u201cDan\u00e7a por toda parte\u201d conta com patroc\u00ednio da Secretaria de Cultura e Economia Criativa do Estado de S\u00e3o Paulo e ir\u00e1 realizar, entre os meses de abril e maio, mais de 20 oficinas em 35 Munic\u00edpios paulistas, ultrapassando a marca de mil vagas gratuitas<\/p>\n\n\n\n<p>Mais informa\u00e7\u00f5es podem ser obtidas no site da Cooperativa Paulista de Dan\u00e7a.<\/p>\n\n\n\n<p><em>(Texto\/Imagem: Prefeitura de Jundia\u00ed)<\/em><\/p>\n","protected":false},"excerpt":{"rendered":"<p>Oficina \u00e9 voltada para agentes culturais, estudantes, artistas e interessados no trabalho de produ\u00e7\u00e3o cultural<\/p>\n","protected":false},"author":9,"featured_media":74474,"comment_status":"closed","ping_status":"closed","sticky":false,"template":"","format":"standard","meta":{"footnotes":""},"categories":[8356,1],"tags":[],"class_list":["post-74473","post","type-post","status-publish","format-standard","has-post-thumbnail","hentry","category-jundiai","category-noticias"],"_links":{"self":[{"href":"https:\/\/tvtecjundiai.com.br\/news\/wp-json\/wp\/v2\/posts\/74473","targetHints":{"allow":["GET"]}}],"collection":[{"href":"https:\/\/tvtecjundiai.com.br\/news\/wp-json\/wp\/v2\/posts"}],"about":[{"href":"https:\/\/tvtecjundiai.com.br\/news\/wp-json\/wp\/v2\/types\/post"}],"author":[{"embeddable":true,"href":"https:\/\/tvtecjundiai.com.br\/news\/wp-json\/wp\/v2\/users\/9"}],"replies":[{"embeddable":true,"href":"https:\/\/tvtecjundiai.com.br\/news\/wp-json\/wp\/v2\/comments?post=74473"}],"version-history":[{"count":2,"href":"https:\/\/tvtecjundiai.com.br\/news\/wp-json\/wp\/v2\/posts\/74473\/revisions"}],"predecessor-version":[{"id":74491,"href":"https:\/\/tvtecjundiai.com.br\/news\/wp-json\/wp\/v2\/posts\/74473\/revisions\/74491"}],"wp:featuredmedia":[{"embeddable":true,"href":"https:\/\/tvtecjundiai.com.br\/news\/wp-json\/wp\/v2\/media\/74474"}],"wp:attachment":[{"href":"https:\/\/tvtecjundiai.com.br\/news\/wp-json\/wp\/v2\/media?parent=74473"}],"wp:term":[{"taxonomy":"category","embeddable":true,"href":"https:\/\/tvtecjundiai.com.br\/news\/wp-json\/wp\/v2\/categories?post=74473"},{"taxonomy":"post_tag","embeddable":true,"href":"https:\/\/tvtecjundiai.com.br\/news\/wp-json\/wp\/v2\/tags?post=74473"}],"curies":[{"name":"wp","href":"https:\/\/api.w.org\/{rel}","templated":true}]}}