{"id":74480,"date":"2021-04-22T18:50:14","date_gmt":"2021-04-22T21:50:14","guid":{"rendered":"https:\/\/tvtecjundiai.com.br\/news\/?p=74480"},"modified":"2021-04-22T18:50:14","modified_gmt":"2021-04-22T21:50:14","slug":"jundiai-tera-sabado-especial-para-vacinacao-contra-influenza-para-profissionais-de-saude","status":"publish","type":"post","link":"https:\/\/tvtecjundiai.com.br\/news\/2021\/04\/22\/jundiai-tera-sabado-especial-para-vacinacao-contra-influenza-para-profissionais-de-saude\/","title":{"rendered":"Jundia\u00ed ter\u00e1 s\u00e1bado especial para vacina\u00e7\u00e3o contra Influenza para profissionais de Sa\u00fade"},"content":{"rendered":"\n<p>Para facilitar o acesso dos profissionais de Sa\u00fade, a Prefeitura de Jundia\u00ed abrir\u00e1, neste s\u00e1bado (24) duas Unidades B\u00e1sicas de Sa\u00fade (UBSs) para o atendimento deste p\u00fablico para a vacina\u00e7\u00e3o contra da influenza. O atendimento ser\u00e1 das 8h \u00e0s 13h com a apresenta\u00e7\u00e3o obrigat\u00f3ria da carteira do conselho de classe e documento de identifica\u00e7\u00e3o com foto. Ao longo da semana, a aplica\u00e7\u00e3o da vacina contra a influenza segue para pu\u00e9rperas, gestantes e crian\u00e7as entre seis meses e menores de seis anos.<\/p>\n\n\n\n<p>As UBSs abertas s\u00e3o: Eloy Chaves (Avenida Carlos Veiga, 180) e Nova UBS Jardim do Lago (Avenida Professora Leonita Faber Ladeira, 1.358). \u201cA disponibiliza\u00e7\u00e3o das doses n\u00e3o exige agendamento, contudo, \u00e9 essencial que os profissionais compare\u00e7am com a documenta\u00e7\u00e3o exigida para receber a aplica\u00e7\u00e3o\u201d, comenta, a enfermeira da Vigil\u00e2ncia Epidemiol\u00f3gica (VE) de Jundia\u00ed , Maria do Carmo Possidente.<\/p>\n\n\n\n<figure class=\"wp-block-image size-large\"><img loading=\"lazy\" decoding=\"async\" width=\"1200\" height=\"801\" src=\"https:\/\/tvtecjundiai.com.br\/news\/wp-content\/uploads\/sites\/2\/2021\/04\/chegada-vacina-covid-e-gripe-108-1200x801.jpg\" alt=\"\" class=\"wp-image-74481\" srcset=\"https:\/\/tvtecjundiai.com.br\/news\/wp-content\/uploads\/sites\/2\/2021\/04\/chegada-vacina-covid-e-gripe-108-1200x801.jpg 1200w, https:\/\/tvtecjundiai.com.br\/news\/wp-content\/uploads\/sites\/2\/2021\/04\/chegada-vacina-covid-e-gripe-108-300x200.jpg 300w, https:\/\/tvtecjundiai.com.br\/news\/wp-content\/uploads\/sites\/2\/2021\/04\/chegada-vacina-covid-e-gripe-108-768x512.jpg 768w, https:\/\/tvtecjundiai.com.br\/news\/wp-content\/uploads\/sites\/2\/2021\/04\/chegada-vacina-covid-e-gripe-108.jpg 1280w\" sizes=\"auto, (max-width: 1200px) 100vw, 1200px\" \/><figcaption>Vacina contra a gripe ter\u00e1 s\u00e1bado especial para aplica\u00e7\u00e3o em profissionais de Sa\u00fade<\/figcaption><\/figure>\n\n\n\n<p><strong>Pu\u00e9rperas, gestantes e crian\u00e7as<br><\/strong>J\u00e1 a aplica\u00e7\u00e3o das doses da vacina para as gestantes, pu\u00e9rperas e crian\u00e7as entre seis meses e menores de seis anos, o atendimento \u00e9 de segunda a sexta-feira, nas UBSs da cidade, exceto a Nova UBS Jardim do Lago (que atua como Unidade Sentinela), UBS Retiro e UBS Marlene\/Hortol\u00e2ndia.<\/p>\n\n\n\n<p>Nas UBSs Agapeama e Tamoio, a vacina\u00e7\u00e3o acontece das 8h \u00e0s 11h30 e das 13h \u00e0s 20h30, de segunda a sexta-feira. J\u00e1 nas UBSs com funcionamento das 8h \u00e0s 17h30, o atendimento \u00e9 das 8h \u00e0s 11h30 e das 13h \u00e0s 16h30.<\/p>\n\n\n\n<p><em>(Texto\/Imagem: Prefeitura de Jundia\u00ed)<\/em><\/p>\n","protected":false},"excerpt":{"rendered":"<p>Profissionais da sa\u00fade ser\u00e3o vacinados contra a gripe neste s\u00e1bado das 8h \u00e0s 13h<\/p>\n","protected":false},"author":9,"featured_media":74481,"comment_status":"closed","ping_status":"closed","sticky":false,"template":"","format":"standard","meta":{"footnotes":""},"categories":[8356,1],"tags":[],"class_list":["post-74480","post","type-post","status-publish","format-standard","has-post-thumbnail","hentry","category-jundiai","category-noticias"],"_links":{"self":[{"href":"https:\/\/tvtecjundiai.com.br\/news\/wp-json\/wp\/v2\/posts\/74480","targetHints":{"allow":["GET"]}}],"collection":[{"href":"https:\/\/tvtecjundiai.com.br\/news\/wp-json\/wp\/v2\/posts"}],"about":[{"href":"https:\/\/tvtecjundiai.com.br\/news\/wp-json\/wp\/v2\/types\/post"}],"author":[{"embeddable":true,"href":"https:\/\/tvtecjundiai.com.br\/news\/wp-json\/wp\/v2\/users\/9"}],"replies":[{"embeddable":true,"href":"https:\/\/tvtecjundiai.com.br\/news\/wp-json\/wp\/v2\/comments?post=74480"}],"version-history":[{"count":1,"href":"https:\/\/tvtecjundiai.com.br\/news\/wp-json\/wp\/v2\/posts\/74480\/revisions"}],"predecessor-version":[{"id":74482,"href":"https:\/\/tvtecjundiai.com.br\/news\/wp-json\/wp\/v2\/posts\/74480\/revisions\/74482"}],"wp:featuredmedia":[{"embeddable":true,"href":"https:\/\/tvtecjundiai.com.br\/news\/wp-json\/wp\/v2\/media\/74481"}],"wp:attachment":[{"href":"https:\/\/tvtecjundiai.com.br\/news\/wp-json\/wp\/v2\/media?parent=74480"}],"wp:term":[{"taxonomy":"category","embeddable":true,"href":"https:\/\/tvtecjundiai.com.br\/news\/wp-json\/wp\/v2\/categories?post=74480"},{"taxonomy":"post_tag","embeddable":true,"href":"https:\/\/tvtecjundiai.com.br\/news\/wp-json\/wp\/v2\/tags?post=74480"}],"curies":[{"name":"wp","href":"https:\/\/api.w.org\/{rel}","templated":true}]}}