{"id":74486,"date":"2021-04-22T18:59:55","date_gmt":"2021-04-22T21:59:55","guid":{"rendered":"https:\/\/tvtecjundiai.com.br\/news\/?p=74486"},"modified":"2021-04-22T18:59:55","modified_gmt":"2021-04-22T21:59:55","slug":"cidade-das-criancas-e-apresentado-na-programacao-do-dia-mundial-da-criatividade","status":"publish","type":"post","link":"https:\/\/tvtecjundiai.com.br\/news\/2021\/04\/22\/cidade-das-criancas-e-apresentado-na-programacao-do-dia-mundial-da-criatividade\/","title":{"rendered":"\u201cCidade das Crian\u00e7as\u201d \u00e9 apresentado na programa\u00e7\u00e3o do Dia Mundial da Criatividade"},"content":{"rendered":"\n<p>O gestor da Unidade de Gest\u00e3o de Cultura (UGC), Marcelo Peroni, apresentou, na tarde desta quinta-feira (22), o programa Cidade das Crian\u00e7as e todas as iniciativas da Prefeitura para a Inf\u00e2ncia no painel \u201cPr\u00eamio Brasil Criativo\u201d, evento que faz parte do Dia Mundial da Criatividade no Brasil, com a media\u00e7\u00e3o de V\u00edvian Rio Stella.<\/p>\n\n\n\n<p>Criado pela Organiza\u00e7\u00e3o das Na\u00e7\u00f5es Unidas (ONU) em 2017, o Dia Mundial da Criatividade \u00e9 um festival colaborativo que tem como objetivo criar, em escala global, uma rede de coopera\u00e7\u00e3o econ\u00f4mica, social, educacional e de sa\u00fade, com foco no uso de criatividade e inova\u00e7\u00e3o para a solu\u00e7\u00e3o de problemas. O evento contou com as interven\u00e7\u00f5es de participantes a partir de diversas cidades do mundo inteiro, e todo o seu conte\u00fado permanece dispon\u00edvel na internet.<\/p>\n\n\n\n<p>Peroni compartilhou a experi\u00eancia jundiaiense. \u201cAs quest\u00f5es que envolvem o futuro s\u00e3o desconhecidas, mas sabemos que a criatividade ser\u00e1 algo essencial nele. Mas o futuro tamb\u00e9m est\u00e1 no presente, pois ele est\u00e1 na crian\u00e7a. Em Jundia\u00ed, decidimos ouvir as crian\u00e7as para que o potencial da sua criatividade fosse uma das principais premissas para o olhar da cidade. Inclusive no modelo de governo do prefeito Luiz Fernando Machado, em que as Unidades de Gest\u00e3o trabalham de forma integrada, assim como a crian\u00e7a enxerga a cidade de modo integrado e cont\u00ednuo\u201d.<\/p>\n\n\n\n<figure class=\"wp-block-image size-large\"><img loading=\"lazy\" decoding=\"async\" width=\"1200\" height=\"514\" src=\"https:\/\/tvtecjundiai.com.br\/news\/wp-content\/uploads\/sites\/2\/2021\/04\/cidade_das_criancas_dia_da_criatividade-7-1200x514.jpg\" alt=\"\" class=\"wp-image-74488\" srcset=\"https:\/\/tvtecjundiai.com.br\/news\/wp-content\/uploads\/sites\/2\/2021\/04\/cidade_das_criancas_dia_da_criatividade-7-1200x514.jpg 1200w, https:\/\/tvtecjundiai.com.br\/news\/wp-content\/uploads\/sites\/2\/2021\/04\/cidade_das_criancas_dia_da_criatividade-7-300x128.jpg 300w, https:\/\/tvtecjundiai.com.br\/news\/wp-content\/uploads\/sites\/2\/2021\/04\/cidade_das_criancas_dia_da_criatividade-7-768x329.jpg 768w, https:\/\/tvtecjundiai.com.br\/news\/wp-content\/uploads\/sites\/2\/2021\/04\/cidade_das_criancas_dia_da_criatividade-7.jpg 1275w\" sizes=\"auto, (max-width: 1200px) 100vw, 1200px\" \/><figcaption>Peroni compartilhou as experi\u00eancias jundiaienses na prioriza\u00e7\u00e3o das pol\u00edticas para a Inf\u00e2ncia<\/figcaption><\/figure>\n\n\n\n<p>Peroni tamb\u00e9m explicou a ades\u00e3o de Jundia\u00ed \u00e0 rede Mundial de Cidade das Crian\u00e7as, idealizada pelo pedagogo italiano Francesco Tonucci. \u201cQuando em 2018 aderimos \u00e0 rede, composta por mais de 200 cidades, definimos a pol\u00edtica para a Inf\u00e2ncia como prioridade e assumimos o compromisso de devolver a cidade para as crian\u00e7as. E disso surgiram conquistas, como a forma\u00e7\u00e3o de um Comit\u00ea das Crian\u00e7as, que dialoga e faz propostas para o prefeito, e que ir\u00e1 discutir o or\u00e7amento da Prefeitura em seu Plano Plurianual; a cria\u00e7\u00e3o de um grupo de trabalhos na Prefeitura para discutir as quest\u00f5es relativas; e a presen\u00e7a de um cap\u00edtulo espec\u00edfico sobre as prioridades tanto no Plano Diretor quanto no Plano de Governo de todas as Unidades de Gest\u00e3o\u201d.<\/p>\n\n\n\n<p>Tamb\u00e9m foram apresentados o programa \u201cEntre a Casa e a escola\u201d, de escuta das crian\u00e7as e qualifica\u00e7\u00e3o dos caminhos entre as resid\u00eancias e as unidades escolares, para que sejam l\u00fadicos e deem conforto e seguran\u00e7a; o programa \u201cRuas de Brincar\u201d, que permite a gest\u00e3o por parte dos moradores de determinadas ruas, a partir de solicita\u00e7\u00e3o, para que as ruas n\u00e3o tenham tr\u00e1fego de carros aos domingos e feriados e assim as crian\u00e7as possam brincar; al\u00e9m da experi\u00eancia de Jundia\u00ed pelo desemparedamento na volta \u00e0s aulas no Mundo das Crian\u00e7as, parques e pra\u00e7as p\u00fablicas espalhadas pela cidade.<\/p>\n\n\n\n<p><em>(Texto\/Imagem: Prefeitura de Jundia\u00ed)<\/em><\/p>\n","protected":false},"excerpt":{"rendered":"<p>Evento contou com interven\u00e7\u00f5es de participantes a partir de diversas cidades do mundo<\/p>\n","protected":false},"author":9,"featured_media":74487,"comment_status":"closed","ping_status":"closed","sticky":false,"template":"","format":"standard","meta":{"footnotes":""},"categories":[8356,1],"tags":[],"class_list":["post-74486","post","type-post","status-publish","format-standard","has-post-thumbnail","hentry","category-jundiai","category-noticias"],"_links":{"self":[{"href":"https:\/\/tvtecjundiai.com.br\/news\/wp-json\/wp\/v2\/posts\/74486","targetHints":{"allow":["GET"]}}],"collection":[{"href":"https:\/\/tvtecjundiai.com.br\/news\/wp-json\/wp\/v2\/posts"}],"about":[{"href":"https:\/\/tvtecjundiai.com.br\/news\/wp-json\/wp\/v2\/types\/post"}],"author":[{"embeddable":true,"href":"https:\/\/tvtecjundiai.com.br\/news\/wp-json\/wp\/v2\/users\/9"}],"replies":[{"embeddable":true,"href":"https:\/\/tvtecjundiai.com.br\/news\/wp-json\/wp\/v2\/comments?post=74486"}],"version-history":[{"count":1,"href":"https:\/\/tvtecjundiai.com.br\/news\/wp-json\/wp\/v2\/posts\/74486\/revisions"}],"predecessor-version":[{"id":74489,"href":"https:\/\/tvtecjundiai.com.br\/news\/wp-json\/wp\/v2\/posts\/74486\/revisions\/74489"}],"wp:featuredmedia":[{"embeddable":true,"href":"https:\/\/tvtecjundiai.com.br\/news\/wp-json\/wp\/v2\/media\/74487"}],"wp:attachment":[{"href":"https:\/\/tvtecjundiai.com.br\/news\/wp-json\/wp\/v2\/media?parent=74486"}],"wp:term":[{"taxonomy":"category","embeddable":true,"href":"https:\/\/tvtecjundiai.com.br\/news\/wp-json\/wp\/v2\/categories?post=74486"},{"taxonomy":"post_tag","embeddable":true,"href":"https:\/\/tvtecjundiai.com.br\/news\/wp-json\/wp\/v2\/tags?post=74486"}],"curies":[{"name":"wp","href":"https:\/\/api.w.org\/{rel}","templated":true}]}}