{"id":74504,"date":"2021-04-23T13:09:41","date_gmt":"2021-04-23T16:09:41","guid":{"rendered":"https:\/\/tvtecjundiai.com.br\/news\/?p=74504"},"modified":"2021-04-23T13:09:41","modified_gmt":"2021-04-23T16:09:41","slug":"videoconferencia-ira-tratar-da-participacao-da-mulher-no-mercado-de-trabalho","status":"publish","type":"post","link":"https:\/\/tvtecjundiai.com.br\/news\/2021\/04\/23\/videoconferencia-ira-tratar-da-participacao-da-mulher-no-mercado-de-trabalho\/","title":{"rendered":"Videoconfer\u00eancia ir\u00e1 tratar da participa\u00e7\u00e3o da mulher no mercado de trabalho"},"content":{"rendered":"\n<p>A Assessoria de Pol\u00edticas para Mulheres da Unidade de Gest\u00e3o da Casa Civil (UGCC) e a Unidade de Gest\u00e3o de Cultura (UGC) realizam na pr\u00f3xima ter\u00e7a-feira (27), a partir das 19h30, a segunda \u201clive\u201d da programa\u00e7\u00e3o mensal, iniciada em mar\u00e7o, em comemora\u00e7\u00e3o ao M\u00eas da Mulher. O tema proposto desta vez ser\u00e1 \u201cMulher e Trabalho: inser\u00e7\u00e3o e perman\u00eancia das mulheres no mundo do trabalho e amplia\u00e7\u00e3o dos seus direitos sociais\u201d.<\/p>\n\n\n\n<p>O evento, que ser\u00e1 mediado pela assessora de Pol\u00edticas para Mulheres, Penha Camunha Martins, e pelo gestor da UGC, Marcelo Peroni, com transmiss\u00e3o ao vivo pelos canais da Cultura no Facebook e YouTube. Como de costume, o encontro contar\u00e1 ainda com a performance c\u00eanica da artista Mariana Benatti, que ir\u00e1 apresentar um mon\u00f3logo.<\/p>\n\n\n\n<p>Para discutir o tema, os convidados especiais da noite ser\u00e3o: o empres\u00e1rio, atleta e gestor da Unidade de Gest\u00e3o de Desenvolvimento Econ\u00f4mico, Ci\u00eancia e Tecnologia (UGDECT) da Prefeitura, Cristiano Lopes; a presidente da Comiss\u00e3o da Mulher Advogada da 33\u00aa Subse\u00e7\u00e3o da OAB\/Jundia\u00ed e especialista em Direito e Trabalho, Andr\u00e9 de Castro; a advogada, especialista em Gest\u00e3o de Neg\u00f3cios e analista de Neg\u00f3cios do Sebrae Jundia\u00ed, Ana Fl\u00e1via Silva Moura; a bacharel em Direito e diretora do Fundo Social de Solidariedade de Jundia\u00ed, Francine Picardi, que atua, principalmente, na viabiliza\u00e7\u00e3o e promo\u00e7\u00e3o de cursos gratuitos de qualifica\u00e7\u00e3o profissional para pessoas em situa\u00e7\u00e3o de vulnerabilidade social.<\/p>\n\n\n\n<p>Toda a apresenta\u00e7\u00e3o contar\u00e1 com a tradu\u00e7\u00e3o simult\u00e2nea em L\u00edngua brasileira de sinais (Libras).<\/p>\n\n\n\n<figure class=\"wp-block-image size-large\"><img loading=\"lazy\" decoding=\"async\" width=\"1200\" height=\"800\" src=\"https:\/\/tvtecjundiai.com.br\/news\/wp-content\/uploads\/sites\/2\/2021\/04\/mulheres_no_trabalho-43-1200x800.jpg\" alt=\"\" class=\"wp-image-74505\" srcset=\"https:\/\/tvtecjundiai.com.br\/news\/wp-content\/uploads\/sites\/2\/2021\/04\/mulheres_no_trabalho-43-1200x800.jpg 1200w, https:\/\/tvtecjundiai.com.br\/news\/wp-content\/uploads\/sites\/2\/2021\/04\/mulheres_no_trabalho-43-300x200.jpg 300w, https:\/\/tvtecjundiai.com.br\/news\/wp-content\/uploads\/sites\/2\/2021\/04\/mulheres_no_trabalho-43-768x512.jpg 768w, https:\/\/tvtecjundiai.com.br\/news\/wp-content\/uploads\/sites\/2\/2021\/04\/mulheres_no_trabalho-43.jpg 1280w\" sizes=\"auto, (max-width: 1200px) 100vw, 1200px\" \/><figcaption>O tema da noite ser\u00e1 a inser\u00e7\u00e3o e perman\u00eancia das mulheres no mundo do trabalho e amplia\u00e7\u00e3o de direitos sociais<\/figcaption><\/figure>\n\n\n\n<p><strong>Programa\u00e7\u00e3o tem\u00e1tica<\/strong><br>Em 23 de mar\u00e7o, a primeira live da programa\u00e7\u00e3o teve como tema o acolhimento \u00e0s v\u00edtimas de viol\u00eancia. Mensalmente est\u00e3o previstas as discuss\u00f5es sobre o papel da Mulher na Educa\u00e7\u00e3o, Cultura, Ci\u00eancia e na Pol\u00edtica; a igualdade entre homens e mulheres; a vida da Mulher no meio rural; o enfrentamento a desigualdades e \u00e0 viol\u00eancia contra as mulheres; Direitos Humanos e a Sa\u00fade da Mulher.<\/p>\n\n\n\n<p><em>(Texto\/Imagem: Prefeitura de Jundia\u00ed)<\/em><\/p>\n","protected":false},"excerpt":{"rendered":"<p>Evento ser\u00e1 mediado pela assessora de Pol\u00edticas para Mulheres, Penha Camunha e pelo gestor Marcelo Peroni<\/p>\n","protected":false},"author":9,"featured_media":74505,"comment_status":"closed","ping_status":"closed","sticky":false,"template":"","format":"standard","meta":{"footnotes":""},"categories":[8356,1],"tags":[],"class_list":["post-74504","post","type-post","status-publish","format-standard","has-post-thumbnail","hentry","category-jundiai","category-noticias"],"_links":{"self":[{"href":"https:\/\/tvtecjundiai.com.br\/news\/wp-json\/wp\/v2\/posts\/74504","targetHints":{"allow":["GET"]}}],"collection":[{"href":"https:\/\/tvtecjundiai.com.br\/news\/wp-json\/wp\/v2\/posts"}],"about":[{"href":"https:\/\/tvtecjundiai.com.br\/news\/wp-json\/wp\/v2\/types\/post"}],"author":[{"embeddable":true,"href":"https:\/\/tvtecjundiai.com.br\/news\/wp-json\/wp\/v2\/users\/9"}],"replies":[{"embeddable":true,"href":"https:\/\/tvtecjundiai.com.br\/news\/wp-json\/wp\/v2\/comments?post=74504"}],"version-history":[{"count":1,"href":"https:\/\/tvtecjundiai.com.br\/news\/wp-json\/wp\/v2\/posts\/74504\/revisions"}],"predecessor-version":[{"id":74506,"href":"https:\/\/tvtecjundiai.com.br\/news\/wp-json\/wp\/v2\/posts\/74504\/revisions\/74506"}],"wp:featuredmedia":[{"embeddable":true,"href":"https:\/\/tvtecjundiai.com.br\/news\/wp-json\/wp\/v2\/media\/74505"}],"wp:attachment":[{"href":"https:\/\/tvtecjundiai.com.br\/news\/wp-json\/wp\/v2\/media?parent=74504"}],"wp:term":[{"taxonomy":"category","embeddable":true,"href":"https:\/\/tvtecjundiai.com.br\/news\/wp-json\/wp\/v2\/categories?post=74504"},{"taxonomy":"post_tag","embeddable":true,"href":"https:\/\/tvtecjundiai.com.br\/news\/wp-json\/wp\/v2\/tags?post=74504"}],"curies":[{"name":"wp","href":"https:\/\/api.w.org\/{rel}","templated":true}]}}