{"id":74514,"date":"2021-04-23T14:49:47","date_gmt":"2021-04-23T17:49:47","guid":{"rendered":"https:\/\/tvtecjundiai.com.br\/news\/?p=74514"},"modified":"2021-04-23T14:49:47","modified_gmt":"2021-04-23T17:49:47","slug":"saiba-a-diferenca-entre-os-sintomas-de-dengue-e-covid-19","status":"publish","type":"post","link":"https:\/\/tvtecjundiai.com.br\/news\/2021\/04\/23\/saiba-a-diferenca-entre-os-sintomas-de-dengue-e-covid-19\/","title":{"rendered":"Saiba a diferen\u00e7a entre os sintomas de dengue e COVID-19"},"content":{"rendered":"\n<p>Jundia\u00ed tem registrado aumento nos casos de dengue na cidade. Segundo a Coordenadora do Programa Municipal de Vigil\u00e2ncia do Vetor Transmissor de Arboviroses, da Prefeitura de Jundia\u00ed, Ana L\u00facia de Castro Silva, os registros praticamente dobraram entre os meses de fevereiro e mar\u00e7o deste ano.<\/p>\n\n\n\n<figure class=\"wp-block-image size-large\"><img loading=\"lazy\" decoding=\"async\" width=\"1200\" height=\"676\" src=\"https:\/\/tvtecjundiai.com.br\/news\/wp-content\/uploads\/sites\/2\/2021\/04\/aedescoronna-1-1200x676.png\" alt=\"\" class=\"wp-image-74522\" srcset=\"https:\/\/tvtecjundiai.com.br\/news\/wp-content\/uploads\/sites\/2\/2021\/04\/aedescoronna-1-1200x676.png 1200w, https:\/\/tvtecjundiai.com.br\/news\/wp-content\/uploads\/sites\/2\/2021\/04\/aedescoronna-1-300x169.png 300w, https:\/\/tvtecjundiai.com.br\/news\/wp-content\/uploads\/sites\/2\/2021\/04\/aedescoronna-1-768x433.png 768w, https:\/\/tvtecjundiai.com.br\/news\/wp-content\/uploads\/sites\/2\/2021\/04\/aedescoronna-1.png 1280w\" sizes=\"auto, (max-width: 1200px) 100vw, 1200px\" \/><figcaption>Coronav\u00edrus e dengue podem ter sintomas parecidos no in\u00edcio da doen\u00e7a<\/figcaption><\/figure>\n\n\n\n<p>Mas, em \u00e9poca de pandemia, voc\u00ea sabe quais s\u00e3o as diferen\u00e7as entre os sintomas de COVID-19 e a dengue? Segundo Ana L\u00facia, os sintomas das duas enfermidades podem ser muito parecidos no in\u00edcio, como o cansa\u00e7o e a dor muscular.<\/p>\n\n\n\n<p>Mas o que realmente diferencia uma da outra \u00e9 a falta de paladar e olfato, sintomas espec\u00edficos do Coronav\u00edrus. Por isso, informa a coordenadora, a import\u00e2ncia em se consultar com um m\u00e9dico para receber o diagn\u00f3stico certo. Confira abaixo os sintomas de cada doen\u00e7a.<\/p>\n\n\n\n<p><strong>Sintomas da dengue<\/strong><\/p>\n\n\n\n<p>&#8211; cansa\u00e7o e dor muscular<\/p>\n\n\n\n<p>&#8211; sensa\u00e7\u00e3o de fraqueza<\/p>\n\n\n\n<p>&#8211; febre<\/p>\n\n\n\n<p>&#8211; dor de cabe\u00e7a<\/p>\n\n\n\n<p>&#8211; manchas avermelhadas no corpo<\/p>\n\n\n\n<p><strong>Sintomas coronav\u00edrus:<\/strong><\/p>\n\n\n\n<p>&#8211; coriza;<\/p>\n\n\n\n<p>&#8211; tosse;<\/p>\n\n\n\n<p>&#8211; dor de garganta;<\/p>\n\n\n\n<p>&#8211; dificuldade para respirar.<\/p>\n\n\n\n<p>&#8211; febre alta;<\/p>\n\n\n\n<p>&#8211; aumento dos batimentos card\u00edacos (taquicardia);<\/p>\n\n\n\n<p>&#8211; dor no peito;<\/p>\n\n\n\n<p>&#8211; cansa\u00e7o;<\/p>\n\n\n\n<p>&#8211; falta de ar;<\/p>\n\n\n\n<p>&#8211; pneumonia;<\/p>\n\n\n\n<p>&#8211; insufici\u00eancia respirat\u00f3ria aguda;<\/p>\n\n\n\n<p>&#8211; insufici\u00eancia renal.<\/p>\n\n\n\n<p>Vale lembrar que os principais focos do mosquito Aedes aegypti s\u00e3o encontrados em resid\u00eancias, em objetos tais como vasos de plantas, garrafas pl\u00e1sticas velhas e caixas de \u00e1gua sem tampa, por isso a import\u00e2ncia em evitar estes focos.<\/p>\n\n\n\n<p><em>(Texto: TVTEC\/Imagem: Pixabay)<\/em><\/p>\n","protected":false},"excerpt":{"rendered":"<p>Casos de dengue aumentaram entre os meses de fevereiro e mar\u00e7o em Jundia\u00ed<\/p>\n","protected":false},"author":9,"featured_media":74520,"comment_status":"closed","ping_status":"closed","sticky":false,"template":"","format":"standard","meta":{"footnotes":""},"categories":[8356,1],"tags":[],"class_list":["post-74514","post","type-post","status-publish","format-standard","has-post-thumbnail","hentry","category-jundiai","category-noticias"],"_links":{"self":[{"href":"https:\/\/tvtecjundiai.com.br\/news\/wp-json\/wp\/v2\/posts\/74514","targetHints":{"allow":["GET"]}}],"collection":[{"href":"https:\/\/tvtecjundiai.com.br\/news\/wp-json\/wp\/v2\/posts"}],"about":[{"href":"https:\/\/tvtecjundiai.com.br\/news\/wp-json\/wp\/v2\/types\/post"}],"author":[{"embeddable":true,"href":"https:\/\/tvtecjundiai.com.br\/news\/wp-json\/wp\/v2\/users\/9"}],"replies":[{"embeddable":true,"href":"https:\/\/tvtecjundiai.com.br\/news\/wp-json\/wp\/v2\/comments?post=74514"}],"version-history":[{"count":2,"href":"https:\/\/tvtecjundiai.com.br\/news\/wp-json\/wp\/v2\/posts\/74514\/revisions"}],"predecessor-version":[{"id":74523,"href":"https:\/\/tvtecjundiai.com.br\/news\/wp-json\/wp\/v2\/posts\/74514\/revisions\/74523"}],"wp:featuredmedia":[{"embeddable":true,"href":"https:\/\/tvtecjundiai.com.br\/news\/wp-json\/wp\/v2\/media\/74520"}],"wp:attachment":[{"href":"https:\/\/tvtecjundiai.com.br\/news\/wp-json\/wp\/v2\/media?parent=74514"}],"wp:term":[{"taxonomy":"category","embeddable":true,"href":"https:\/\/tvtecjundiai.com.br\/news\/wp-json\/wp\/v2\/categories?post=74514"},{"taxonomy":"post_tag","embeddable":true,"href":"https:\/\/tvtecjundiai.com.br\/news\/wp-json\/wp\/v2\/tags?post=74514"}],"curies":[{"name":"wp","href":"https:\/\/api.w.org\/{rel}","templated":true}]}}