{"id":74518,"date":"2021-04-23T14:42:38","date_gmt":"2021-04-23T17:42:38","guid":{"rendered":"https:\/\/tvtecjundiai.com.br\/news\/?p=74518"},"modified":"2021-04-23T14:47:09","modified_gmt":"2021-04-23T17:47:09","slug":"final-de-semana-tera-tempo-firme-e-sem-previsao-de-chuva-1","status":"publish","type":"post","link":"https:\/\/tvtecjundiai.com.br\/news\/2021\/04\/23\/final-de-semana-tera-tempo-firme-e-sem-previsao-de-chuva-1\/","title":{"rendered":"Final de semana ter\u00e1 tempo firme e sem previs\u00e3o de chuva em Jundia\u00ed"},"content":{"rendered":"\n<p>O final de semana ser\u00e1 de tempo firme para a regi\u00e3o de Jundia\u00ed. No s\u00e1bado, o dia ser\u00e1 de Sol com algumas nuvens e n\u00e3o h\u00e1 previs\u00e3o de chuvas. A m\u00e1xima para o s\u00e1bado ser\u00e1 de 26\u00ba e a m\u00ednima de 13\u00ba.<\/p>\n\n\n\n<figure class=\"wp-block-image size-large\"><img loading=\"lazy\" decoding=\"async\" width=\"1200\" height=\"583\" src=\"https:\/\/tvtecjundiai.com.br\/news\/wp-content\/uploads\/sites\/2\/2020\/06\/Mois\u00e9s-Pereira-Pinto-Parque-do-Engordadouro-22-1200x583.jpeg\" alt=\"\" class=\"wp-image-58315\" srcset=\"https:\/\/tvtecjundiai.com.br\/news\/wp-content\/uploads\/sites\/2\/2020\/06\/Mois\u00e9s-Pereira-Pinto-Parque-do-Engordadouro-22-1200x583.jpeg 1200w, https:\/\/tvtecjundiai.com.br\/news\/wp-content\/uploads\/sites\/2\/2020\/06\/Mois\u00e9s-Pereira-Pinto-Parque-do-Engordadouro-22-300x146.jpeg 300w, https:\/\/tvtecjundiai.com.br\/news\/wp-content\/uploads\/sites\/2\/2020\/06\/Mois\u00e9s-Pereira-Pinto-Parque-do-Engordadouro-22-768x373.jpeg 768w, https:\/\/tvtecjundiai.com.br\/news\/wp-content\/uploads\/sites\/2\/2020\/06\/Mois\u00e9s-Pereira-Pinto-Parque-do-Engordadouro-22.jpeg 1280w\" sizes=\"auto, (max-width: 1200px) 100vw, 1200px\" \/><figcaption>Foto do Parque do Engordadouro <\/figcaption><\/figure>\n\n\n\n<p>O domingo ser\u00e1 um pouco mais quente, mas ainda sem possibilidade de chuva para este dia. A m\u00e1xima para o domingo ser\u00e1 de 27\u00ba e a m\u00ednima n\u00e3o passa dos 15\u00ba.<\/p>\n\n\n\n<p><em>(Texto\/Imagem: TVTEC)<\/em><\/p>\n","protected":false},"excerpt":{"rendered":"<p>M\u00e1xima de 27\u00ba no domingo e m\u00ednima de 13\u00ba no s\u00e1bado<\/p>\n","protected":false},"author":9,"featured_media":58315,"comment_status":"closed","ping_status":"closed","sticky":false,"template":"","format":"standard","meta":{"footnotes":""},"categories":[8356,1],"tags":[],"class_list":["post-74518","post","type-post","status-publish","format-standard","has-post-thumbnail","hentry","category-jundiai","category-noticias"],"_links":{"self":[{"href":"https:\/\/tvtecjundiai.com.br\/news\/wp-json\/wp\/v2\/posts\/74518","targetHints":{"allow":["GET"]}}],"collection":[{"href":"https:\/\/tvtecjundiai.com.br\/news\/wp-json\/wp\/v2\/posts"}],"about":[{"href":"https:\/\/tvtecjundiai.com.br\/news\/wp-json\/wp\/v2\/types\/post"}],"author":[{"embeddable":true,"href":"https:\/\/tvtecjundiai.com.br\/news\/wp-json\/wp\/v2\/users\/9"}],"replies":[{"embeddable":true,"href":"https:\/\/tvtecjundiai.com.br\/news\/wp-json\/wp\/v2\/comments?post=74518"}],"version-history":[{"count":2,"href":"https:\/\/tvtecjundiai.com.br\/news\/wp-json\/wp\/v2\/posts\/74518\/revisions"}],"predecessor-version":[{"id":74521,"href":"https:\/\/tvtecjundiai.com.br\/news\/wp-json\/wp\/v2\/posts\/74518\/revisions\/74521"}],"wp:featuredmedia":[{"embeddable":true,"href":"https:\/\/tvtecjundiai.com.br\/news\/wp-json\/wp\/v2\/media\/58315"}],"wp:attachment":[{"href":"https:\/\/tvtecjundiai.com.br\/news\/wp-json\/wp\/v2\/media?parent=74518"}],"wp:term":[{"taxonomy":"category","embeddable":true,"href":"https:\/\/tvtecjundiai.com.br\/news\/wp-json\/wp\/v2\/categories?post=74518"},{"taxonomy":"post_tag","embeddable":true,"href":"https:\/\/tvtecjundiai.com.br\/news\/wp-json\/wp\/v2\/tags?post=74518"}],"curies":[{"name":"wp","href":"https:\/\/api.w.org\/{rel}","templated":true}]}}