{"id":74524,"date":"2021-04-23T14:55:35","date_gmt":"2021-04-23T17:55:35","guid":{"rendered":"https:\/\/tvtecjundiai.com.br\/news\/?p=74524"},"modified":"2021-04-23T15:11:45","modified_gmt":"2021-04-23T18:11:45","slug":"funcionarios-da-cijun-doam-alimentos-nao-pereciveis-ao-fundo-social-de-solidariedade-1","status":"publish","type":"post","link":"https:\/\/tvtecjundiai.com.br\/news\/2021\/04\/23\/funcionarios-da-cijun-doam-alimentos-nao-pereciveis-ao-fundo-social-de-solidariedade-1\/","title":{"rendered":"Funcion\u00e1rios da CIJUN doam alimentos n\u00e3o perec\u00edveis ao Fundo Social de Solidariedade"},"content":{"rendered":"\n<p>Uma campanha criada pelos pr\u00f3prios funcion\u00e1rios movimentou a Companhia de Inform\u00e1tica de Jundia\u00ed (CIJUN) por duas semanas. Durante este per\u00edodo, os colaboradores tiveram a oportunidade de arrecadar alimentos n\u00e3o perec\u00edveis para o Fundo Social de Solidariedade de Jundia\u00ed (Funss).<\/p>\n\n\n\n<p>\u201cUma empresa \u00e9 formada por pessoas. Todo o m\u00e9rito \u00e9 dos nossos profissionais, que tiveram envolvimento e engajamento. Estamos felizes com o resultado que, certamente, refor\u00e7ar\u00e1 o trabalho do Funss\u201d, explicou Amauri Marquezi de Luca, Diretor Presidente da CIJUN.<\/p>\n\n\n\n<figure class=\"wp-block-image size-large\"><img loading=\"lazy\" decoding=\"async\" width=\"1200\" height=\"806\" src=\"https:\/\/tvtecjundiai.com.br\/news\/wp-content\/uploads\/sites\/2\/2021\/04\/dpf4336-1200x806.jpg\" alt=\"\" class=\"wp-image-74525\" srcset=\"https:\/\/tvtecjundiai.com.br\/news\/wp-content\/uploads\/sites\/2\/2021\/04\/dpf4336-1200x806.jpg 1200w, https:\/\/tvtecjundiai.com.br\/news\/wp-content\/uploads\/sites\/2\/2021\/04\/dpf4336-300x202.jpg 300w, https:\/\/tvtecjundiai.com.br\/news\/wp-content\/uploads\/sites\/2\/2021\/04\/dpf4336-768x516.jpg 768w, https:\/\/tvtecjundiai.com.br\/news\/wp-content\/uploads\/sites\/2\/2021\/04\/dpf4336.jpg 1280w\" sizes=\"auto, (max-width: 1200px) 100vw, 1200px\" \/><figcaption>Grupo representou os funcion\u00e1rios participantes<\/figcaption><\/figure>\n\n\n\n<p>A entrega das doa\u00e7\u00f5es foi realizada, diretamente, para a presidente do Funss, Vanessa Machado, que destacou a import\u00e2ncia desta integra\u00e7\u00e3o. \u201cCostumo dizer que o efeito \u00e9 ainda melhor quando h\u00e1 a uni\u00e3o de vontades. Esta contribui\u00e7\u00e3o, que envolveu n\u00e3o apenas os profissionais, mas, tamb\u00e9m, suas fam\u00edlias, chega em boa hora, fazendo a diferen\u00e7a na mesa de quem enfrenta dificuldades\u201d, disse ela.<\/p>\n\n\n\n<p>De acordo com o administrador de contratos e presidente da CIPA, Bruno Sakae, a solidariedade gera reflexos tamb\u00e9m na vida de quem ajuda. \u201c\u00c9 importante parar e olhar para o pr\u00f3ximo com mais carinho. Al\u00e9m disso, este engajamento \u00e9 uma forma de prestar mais aten\u00e7\u00e3o aos impactos gerados pela pandemia, valorizar as oportunidades apresentadas e, ainda, fortalecer a fun\u00e7\u00e3o social da empresa\u201d, contou.<\/p>\n\n\n\n<figure class=\"wp-block-image size-large\"><img loading=\"lazy\" decoding=\"async\" width=\"1200\" height=\"808\" src=\"https:\/\/tvtecjundiai.com.br\/news\/wp-content\/uploads\/sites\/2\/2021\/04\/cijun_doacoes-2-1200x808.jpg\" alt=\"\" class=\"wp-image-74526\" srcset=\"https:\/\/tvtecjundiai.com.br\/news\/wp-content\/uploads\/sites\/2\/2021\/04\/cijun_doacoes-2-1200x808.jpg 1200w, https:\/\/tvtecjundiai.com.br\/news\/wp-content\/uploads\/sites\/2\/2021\/04\/cijun_doacoes-2-300x202.jpg 300w, https:\/\/tvtecjundiai.com.br\/news\/wp-content\/uploads\/sites\/2\/2021\/04\/cijun_doacoes-2-768x517.jpg 768w, https:\/\/tvtecjundiai.com.br\/news\/wp-content\/uploads\/sites\/2\/2021\/04\/cijun_doacoes-2.jpg 1280w\" sizes=\"auto, (max-width: 1200px) 100vw, 1200px\" \/><figcaption>Vanessa e Marquezi: integra\u00e7\u00e3o e solidariedade<\/figcaption><\/figure>\n\n\n\n<p>Doa\u00e7\u00f5es como esta s\u00e3o direcionadas para a Campanha Permanente do Fundo Social j\u00e1 era realizada, no munic\u00edpio, e, atualmente, integra as outras a\u00e7\u00f5es da Prefeitura de Jundia\u00ed no combate \u00e0 doen\u00e7a e seus reflexos socioecon\u00f4micos.<\/p>\n\n\n\n<p>Vanessa destaca que, al\u00e9m das institui\u00e7\u00f5es cadastradas no Funss, tamb\u00e9m recebe parte destas doa\u00e7\u00f5es a Unidade de Gest\u00e3o de Assist\u00eancia e Desenvolvimento Social (UGADS), da Prefeitura de Jundia\u00ed. \u201cAs fam\u00edlias que n\u00e3o s\u00e3o atendidas por entidades, igrejas e associa\u00e7\u00f5es de moradores devem buscar o Centro de Refer\u00eancia da Assist\u00eancia Social (CRAS), respons\u00e1vel por atender, diretamente, o mun\u00edcipe em vulnerabilidade\u201d, explicou Vanessa.<\/p>\n\n\n\n<p>Al\u00e9m dos alimentos n\u00e3o perec\u00edveis, o Fundo Social tamb\u00e9m recebe doa\u00e7\u00f5es de fraldas para crian\u00e7as e adultos; leite longa vida ou em p\u00f3; absorventes higi\u00eanicos descart\u00e1veis; \u00e1gua mineral; roupas, cal\u00e7ados e toalhas de banho; produtos de limpeza e de higiene pessoal; ra\u00e7\u00e3o para animais; e saco de lixo.<\/p>\n\n\n\n<p>Os itens devem ser entregues na sede do Fundo Social, localizado dentro do Parque da Uva. O acesso \u00e9 pela avenida Dona Manoela Lacerda de Vergueiro, s\/n, port\u00e3o 03, bairro Anhangaba\u00fa. O funcionamento da unidade \u00e9 de segunda a sexta-feira, das 8h \u00e0s 17h, exceto feriados. Informa\u00e7\u00f5es: (11) 4521-2762, 4521-2929 e 4521-6833.<\/p>\n\n\n\n<p><em>(Texto\/Imagem: Prefeitura de Jundia\u00ed)<\/em><\/p>\n","protected":false},"excerpt":{"rendered":"<p>Colaboradores da Companhia de Inform\u00e1tica de Jundia\u00ed arrecadaram produtos para doa\u00e7\u00e3o<\/p>\n","protected":false},"author":9,"featured_media":74525,"comment_status":"closed","ping_status":"closed","sticky":false,"template":"","format":"standard","meta":{"footnotes":""},"categories":[8356,1],"tags":[],"class_list":["post-74524","post","type-post","status-publish","format-standard","has-post-thumbnail","hentry","category-jundiai","category-noticias"],"_links":{"self":[{"href":"https:\/\/tvtecjundiai.com.br\/news\/wp-json\/wp\/v2\/posts\/74524","targetHints":{"allow":["GET"]}}],"collection":[{"href":"https:\/\/tvtecjundiai.com.br\/news\/wp-json\/wp\/v2\/posts"}],"about":[{"href":"https:\/\/tvtecjundiai.com.br\/news\/wp-json\/wp\/v2\/types\/post"}],"author":[{"embeddable":true,"href":"https:\/\/tvtecjundiai.com.br\/news\/wp-json\/wp\/v2\/users\/9"}],"replies":[{"embeddable":true,"href":"https:\/\/tvtecjundiai.com.br\/news\/wp-json\/wp\/v2\/comments?post=74524"}],"version-history":[{"count":1,"href":"https:\/\/tvtecjundiai.com.br\/news\/wp-json\/wp\/v2\/posts\/74524\/revisions"}],"predecessor-version":[{"id":74528,"href":"https:\/\/tvtecjundiai.com.br\/news\/wp-json\/wp\/v2\/posts\/74524\/revisions\/74528"}],"wp:featuredmedia":[{"embeddable":true,"href":"https:\/\/tvtecjundiai.com.br\/news\/wp-json\/wp\/v2\/media\/74525"}],"wp:attachment":[{"href":"https:\/\/tvtecjundiai.com.br\/news\/wp-json\/wp\/v2\/media?parent=74524"}],"wp:term":[{"taxonomy":"category","embeddable":true,"href":"https:\/\/tvtecjundiai.com.br\/news\/wp-json\/wp\/v2\/categories?post=74524"},{"taxonomy":"post_tag","embeddable":true,"href":"https:\/\/tvtecjundiai.com.br\/news\/wp-json\/wp\/v2\/tags?post=74524"}],"curies":[{"name":"wp","href":"https:\/\/api.w.org\/{rel}","templated":true}]}}