{"id":74529,"date":"2021-04-23T15:32:20","date_gmt":"2021-04-23T18:32:20","guid":{"rendered":"https:\/\/tvtecjundiai.com.br\/news\/?p=74529"},"modified":"2021-04-23T15:41:39","modified_gmt":"2021-04-23T18:41:39","slug":"turma-do-abrigo-promove-acao-solidaria-neste-final-de-semana-em-jundiai-1","status":"publish","type":"post","link":"https:\/\/tvtecjundiai.com.br\/news\/2021\/04\/23\/turma-do-abrigo-promove-acao-solidaria-neste-final-de-semana-em-jundiai-1\/","title":{"rendered":"Turma do Abrigo promove A\u00e7\u00e3o Solid\u00e1ria neste final de semana em Jundia\u00ed"},"content":{"rendered":"\n<p>A ONG Turma do Abrigo, de Jundia\u00ed, promove neste final de semana, nos dias 24 e 25 de abril, a segunda A\u00e7\u00e3o Solid\u00e1ria. A ONG estar\u00e1 arrecadando alimentos e ra\u00e7\u00e3o para fam\u00edlias carentes e seus animais.<\/p>\n\n\n\n<p>A presidente da ONG, Ivanete Aguiar, conta que est\u00e1 recebendo muitos pedidos de ajuda e que n\u00e3o est\u00e1 conseguindo dar conta de atender a todos. \u201cInclusive com pessoas querendo doar seus animais por falta de recurso para mant\u00ea-los\u201d, alerta.<\/p>\n\n\n\n<div class=\"wp-block-image\"><figure class=\"aligncenter size-large is-resized\"><img loading=\"lazy\" decoding=\"async\" src=\"https:\/\/tvtecjundiai.com.br\/news\/wp-content\/uploads\/sites\/2\/2021\/04\/turmadoabrigo.jpg\" alt=\"\" class=\"wp-image-74530\" width=\"551\" height=\"556\" srcset=\"https:\/\/tvtecjundiai.com.br\/news\/wp-content\/uploads\/sites\/2\/2021\/04\/turmadoabrigo.jpg 951w, https:\/\/tvtecjundiai.com.br\/news\/wp-content\/uploads\/sites\/2\/2021\/04\/turmadoabrigo-300x303.jpg 300w, https:\/\/tvtecjundiai.com.br\/news\/wp-content\/uploads\/sites\/2\/2021\/04\/turmadoabrigo-100x100.jpg 100w, https:\/\/tvtecjundiai.com.br\/news\/wp-content\/uploads\/sites\/2\/2021\/04\/turmadoabrigo-768x775.jpg 768w\" sizes=\"auto, (max-width: 551px) 100vw, 551px\" \/><figcaption>ONG Turma do Abrigo vai arrecadar ra\u00e7\u00e3o e alimentos para fam\u00edlias carentes e seus animais<\/figcaption><\/figure><\/div>\n\n\n\n<p>No s\u00e1bado, o evento ser\u00e1 na Avenida Odil Campos Saes, 322, Vianelo, em frente ao Petshop C\u00e3o Late, das 9 \u00e0s 13 horas. No domingo, ele ocorre no estacionamento da COBASI, que fica na Rua Jos\u00e9 Amato, 150, Ponte de Campinas, das 10 \u00e0s 16 horas. Neste dia ser\u00e1 poss\u00edvel fazer a contribui\u00e7\u00e3o sem precisar descer do carro.<\/p>\n\n\n\n<p><em>(Texto: Assessoria de Imprensa\/Imagem: Arquivo Pessoal) &nbsp;&nbsp;&nbsp;&nbsp;<\/em>&nbsp;&nbsp;&nbsp;&nbsp;&nbsp;<\/p>\n","protected":false},"excerpt":{"rendered":"<p>ONG ir\u00e1 arrecadar ra\u00e7\u00e3o e alimentos para fam\u00edlias carentes e seus animais <\/p>\n","protected":false},"author":9,"featured_media":74534,"comment_status":"closed","ping_status":"closed","sticky":false,"template":"","format":"standard","meta":{"footnotes":""},"categories":[8356,1],"tags":[],"class_list":["post-74529","post","type-post","status-publish","format-standard","has-post-thumbnail","hentry","category-jundiai","category-noticias"],"_links":{"self":[{"href":"https:\/\/tvtecjundiai.com.br\/news\/wp-json\/wp\/v2\/posts\/74529","targetHints":{"allow":["GET"]}}],"collection":[{"href":"https:\/\/tvtecjundiai.com.br\/news\/wp-json\/wp\/v2\/posts"}],"about":[{"href":"https:\/\/tvtecjundiai.com.br\/news\/wp-json\/wp\/v2\/types\/post"}],"author":[{"embeddable":true,"href":"https:\/\/tvtecjundiai.com.br\/news\/wp-json\/wp\/v2\/users\/9"}],"replies":[{"embeddable":true,"href":"https:\/\/tvtecjundiai.com.br\/news\/wp-json\/wp\/v2\/comments?post=74529"}],"version-history":[{"count":3,"href":"https:\/\/tvtecjundiai.com.br\/news\/wp-json\/wp\/v2\/posts\/74529\/revisions"}],"predecessor-version":[{"id":74535,"href":"https:\/\/tvtecjundiai.com.br\/news\/wp-json\/wp\/v2\/posts\/74529\/revisions\/74535"}],"wp:featuredmedia":[{"embeddable":true,"href":"https:\/\/tvtecjundiai.com.br\/news\/wp-json\/wp\/v2\/media\/74534"}],"wp:attachment":[{"href":"https:\/\/tvtecjundiai.com.br\/news\/wp-json\/wp\/v2\/media?parent=74529"}],"wp:term":[{"taxonomy":"category","embeddable":true,"href":"https:\/\/tvtecjundiai.com.br\/news\/wp-json\/wp\/v2\/categories?post=74529"},{"taxonomy":"post_tag","embeddable":true,"href":"https:\/\/tvtecjundiai.com.br\/news\/wp-json\/wp\/v2\/tags?post=74529"}],"curies":[{"name":"wp","href":"https:\/\/api.w.org\/{rel}","templated":true}]}}