{"id":74536,"date":"2021-04-23T16:24:45","date_gmt":"2021-04-23T19:24:45","guid":{"rendered":"https:\/\/tvtecjundiai.com.br\/news\/?p=74536"},"modified":"2021-04-23T16:39:35","modified_gmt":"2021-04-23T19:39:35","slug":"cpfl-abre-programa-de-estagio-e-mais-vagas-de-emprego-em-jundiai","status":"publish","type":"post","link":"https:\/\/tvtecjundiai.com.br\/news\/2021\/04\/23\/cpfl-abre-programa-de-estagio-e-mais-vagas-de-emprego-em-jundiai\/","title":{"rendered":"CPFL abre oportunidades de emprego e est\u00e1gio em Jundia\u00ed"},"content":{"rendered":"\n<p>A CPFL, uma das maiores empresas do setor el\u00e9trico brasileiro, abriu novas vagas de emprego para a regi\u00e3o de Jundia\u00ed. Entre as oportunidades est\u00e3o vagas exclusivas para pessoas com necessidades especiais (PNE) e o Programa de Est\u00e1gio.<\/p>\n\n\n\n<figure class=\"wp-block-image size-large\"><img loading=\"lazy\" decoding=\"async\" width=\"865\" height=\"550\" src=\"https:\/\/tvtecjundiai.com.br\/news\/wp-content\/uploads\/sites\/2\/2020\/05\/CPFL-tem-vagas-de-emprego-em-Jundia\u00ed.jpg\" alt=\"\" class=\"wp-image-55476\" srcset=\"https:\/\/tvtecjundiai.com.br\/news\/wp-content\/uploads\/sites\/2\/2020\/05\/CPFL-tem-vagas-de-emprego-em-Jundia\u00ed.jpg 865w, https:\/\/tvtecjundiai.com.br\/news\/wp-content\/uploads\/sites\/2\/2020\/05\/CPFL-tem-vagas-de-emprego-em-Jundia\u00ed-300x191.jpg 300w, https:\/\/tvtecjundiai.com.br\/news\/wp-content\/uploads\/sites\/2\/2020\/05\/CPFL-tem-vagas-de-emprego-em-Jundia\u00ed-768x488.jpg 768w\" sizes=\"auto, (max-width: 865px) 100vw, 865px\" \/><figcaption>As vagas est\u00e3o disposn\u00edveis no site Vagas.com, e para se candidatar, \u00e9 necess\u00e1rio se cadastrar na plataforma<\/figcaption><\/figure>\n\n\n\n<p>A empresa disponibiliza diversos benef\u00edcios para os colaboradores, como: assist\u00eancia m\u00e9dica e odontol\u00f3gica, conv\u00eanio para empresas parceiras, seguro de vida, participa\u00e7\u00e3o de lucros ou resultados, vale-refei\u00e7\u00e3o e vale-transporte.<\/p>\n\n\n\n<p>As vagas est\u00e3o dispon\u00edveis no site Vagas.com, e para se candidatar, \u00e9 necess\u00e1rio se cadastrar na plataforma. Confira as oportunidades e se inscreva.<\/p>\n\n\n\n<p><strong>Analista de Planejamento da Opera\u00e7\u00e3o Pleno<\/strong><br>Curso Superior Completo em Engenharias, Ci\u00eancia da Computa\u00e7\u00e3o e afins;<br>Necess\u00e1rio conhecimento e experi\u00eancia em programa\u00e7\u00e3o em ferramentas de an\u00e1lise de dados (VBA, R ou Python);<br>Conhecimento intermedi\u00e1rio no pacote Office;<br>Desej\u00e1vel conhecimento de fontes de Gera\u00e7\u00e3o de Energia Renov\u00e1vel;<br>Desej\u00e1vel conhecimento b\u00e1sico de comercializa\u00e7\u00e3o de energia.<\/p>\n\n\n\n<p><strong>M\u00e9dico do Trabalho<\/strong><br>Requisitos: Curso Superior Completo em Medicina e CRM Ativo;<br>Especializa\u00e7\u00e3o em Medicina do Trabalho;<br>Disponibilidade para atua\u00e7\u00e3o de 4h\/dia de segunda a sexta-feira;<br>Disponibilidade para atua\u00e7\u00e3o em Jundia\u00ed.<br><\/p>\n\n\n\n<p><strong>T\u00e9cnico de Seguran\u00e7a do Trabalho Jr.<\/strong><br>Obrigat\u00f3rio possuir curso t\u00e9cnico em Seguran\u00e7a do Trabalho;<br>Desej\u00e1vel NR-10 servi\u00e7os em Eletricidade;<br>Desej\u00e1vel conhecimento em Excel;<br>Desej\u00e1vel conhecimento no setor Energ\u00e9tico.<br><\/p>\n\n\n\n<p><strong>Analista de Gest\u00e3o de Ativos de O&amp;M Jr<\/strong>.<br>Curso Superior Completo em Engenharias, Ci\u00eancia da Computa\u00e7\u00e3o e afins;<br>Conhecimento e experi\u00eancia em programa\u00e7\u00e3o em ferramentas de an\u00e1lise de dados (VBA, R ou Python);<br>Conhecimento intermedi\u00e1rio no pacote office;<br>Conhecimento de gest\u00e3o de ativo e pr\u00e1ticas de manuten\u00e7\u00e3o preditiva;<br>Desej\u00e1vel experi\u00eancia com Gest\u00e3o de Projetos;<br>Desej\u00e1vel conhecimento do processo de gera\u00e7\u00e3o de energia el\u00e9trica;<br>Desej\u00e1vel conhecimento com Power BI.<br><br><strong>Analista de Gest\u00e3o de Ativos de O&amp;M Jr. (PNE)<\/strong><br>Curso Superior Completo em Engenharias, Ci\u00eancia da Computa\u00e7\u00e3o e afins;<br>Conhecimento e experi\u00eancia em programa\u00e7\u00e3o em ferramentas de an\u00e1lise de dados (VBA, R ou Python);<br>Conhecimento intermedi\u00e1rio no pacote office;<br>Conhecimento de gest\u00e3o de ativo e pr\u00e1ticas de manuten\u00e7\u00e3o preditiva;<br>Desej\u00e1vel experi\u00eancia com Gest\u00e3o de Projetos;<br>Desej\u00e1vel conhecimento do processo de gera\u00e7\u00e3o de energia el\u00e9trica;<br>Desej\u00e1vel conhecimento com Power BI;<br>Importante ser PCD ou reabilitado do INSS.<br><\/p>\n\n\n\n<p><strong>Especialista de Engenharia El\u00e9trica<\/strong><br>Curso Superior Completo em Engenharia El\u00e9trica;<br>Ingl\u00eas Avan\u00e7ado;<br>Conhecimento em Sistemas Digitais e de Prote\u00e7\u00e3o e Controle voltados a empreendimentos renov\u00e1veis;<br>Desej\u00e1vel conhecimento das resolu\u00e7\u00f5es normativas ANEEL pertinentes \u00e0 implanta\u00e7\u00e3o e Opera\u00e7\u00e3o;<br>Desej\u00e1vel conhecimento com an\u00e1lises t\u00e9cnicas dos projetos de PCHs e E\u00f3licas.<br>Clique aqui e se candidate.<br>Programa de Est\u00e1gio<br>N\u00edvel T\u00e9cnico \u2013 Requisitos:<\/p>\n\n\n\n<p><strong>Cursando Ensino T\u00e9cnico em Automa\u00e7\u00e3o, Eletrot\u00e9cnica, Eletr\u00f4nica, Mec\u00e2nica, Mecatr\u00f4nica e correlatas.<\/strong><br>Previs\u00e3o de t\u00e9rminos a partir de Dez\/2021.<br>Desej\u00e1vel disponibilidade de hor\u00e1rio para 6h di\u00e1rias (segunda a sexta das 08h \u00e0s 15h).<br>Desej\u00e1vel conhecimento em Excel Intermedi\u00e1rio.<br>N\u00edvel Superior \u2013 Requisitos:<\/p>\n\n\n\n<p><strong>Cursando Ensino Superior em Administra\u00e7\u00e3o, Direito, Economia, Ci\u00eancias Cont\u00e1beis, Gest\u00e3o Empresarial, Engenharias em geral (e correlatas).<\/strong><br>Desej\u00e1vel previs\u00e3o de t\u00e9rminos a partir de Jul\/2022.<br>Necess\u00e1rio disponibilidade de hor\u00e1rio para 6h di\u00e1rias (segunda a sexta das 08h \u00e0s 15h).<br>Desej\u00e1vel conhecimento em Excel Intermedi\u00e1rio.<br>Desej\u00e1vel conhecimento em Ingl\u00eas Intermedi\u00e1rio.<\/p>\n\n\n\n<p><em>(Texto\/Imagem: TVTEC)<\/em><\/p>\n","protected":false},"excerpt":{"rendered":"<p>Vagas est\u00e3o dispon\u00edveis no site Vagas.com, e para se candidatar, \u00e9 necess\u00e1rio se cadastrar na plataforma<\/p>\n","protected":false},"author":9,"featured_media":55476,"comment_status":"closed","ping_status":"closed","sticky":false,"template":"","format":"standard","meta":{"footnotes":""},"categories":[8356,1],"tags":[],"class_list":["post-74536","post","type-post","status-publish","format-standard","has-post-thumbnail","hentry","category-jundiai","category-noticias"],"_links":{"self":[{"href":"https:\/\/tvtecjundiai.com.br\/news\/wp-json\/wp\/v2\/posts\/74536","targetHints":{"allow":["GET"]}}],"collection":[{"href":"https:\/\/tvtecjundiai.com.br\/news\/wp-json\/wp\/v2\/posts"}],"about":[{"href":"https:\/\/tvtecjundiai.com.br\/news\/wp-json\/wp\/v2\/types\/post"}],"author":[{"embeddable":true,"href":"https:\/\/tvtecjundiai.com.br\/news\/wp-json\/wp\/v2\/users\/9"}],"replies":[{"embeddable":true,"href":"https:\/\/tvtecjundiai.com.br\/news\/wp-json\/wp\/v2\/comments?post=74536"}],"version-history":[{"count":4,"href":"https:\/\/tvtecjundiai.com.br\/news\/wp-json\/wp\/v2\/posts\/74536\/revisions"}],"predecessor-version":[{"id":74542,"href":"https:\/\/tvtecjundiai.com.br\/news\/wp-json\/wp\/v2\/posts\/74536\/revisions\/74542"}],"wp:featuredmedia":[{"embeddable":true,"href":"https:\/\/tvtecjundiai.com.br\/news\/wp-json\/wp\/v2\/media\/55476"}],"wp:attachment":[{"href":"https:\/\/tvtecjundiai.com.br\/news\/wp-json\/wp\/v2\/media?parent=74536"}],"wp:term":[{"taxonomy":"category","embeddable":true,"href":"https:\/\/tvtecjundiai.com.br\/news\/wp-json\/wp\/v2\/categories?post=74536"},{"taxonomy":"post_tag","embeddable":true,"href":"https:\/\/tvtecjundiai.com.br\/news\/wp-json\/wp\/v2\/tags?post=74536"}],"curies":[{"name":"wp","href":"https:\/\/api.w.org\/{rel}","templated":true}]}}