{"id":74543,"date":"2021-04-23T16:49:14","date_gmt":"2021-04-23T19:49:14","guid":{"rendered":"https:\/\/tvtecjundiai.com.br\/news\/?p=74543"},"modified":"2021-04-23T17:10:30","modified_gmt":"2021-04-23T20:10:30","slug":"jundiai-recebe-concentradores-de-oxigenio-para-atendimento-a-casos-covid-19","status":"publish","type":"post","link":"https:\/\/tvtecjundiai.com.br\/news\/2021\/04\/23\/jundiai-recebe-concentradores-de-oxigenio-para-atendimento-a-casos-covid-19\/","title":{"rendered":"Jundia\u00ed recebe concentradores de oxig\u00eanio para atendimento de casos COVID-19"},"content":{"rendered":"\n<p>Jundia\u00ed foi uma das cidades paulistas a ser contemplada com os equipamentos denominados \u2018concentradores de oxig\u00eanio\u2019 pela Secretaria de Estado da Sa\u00fade. Ao todo, sete equipamentos foram destinados para Jundia\u00ed e passam a integrar o atendimento dedicado aos pacientes com COVID-19 a partir do Programa Melhor em Casa e da Cl\u00ednica da Fam\u00edlia Novo Horizonte.<\/p>\n\n\n\n<p>Os equipamentos t\u00eam fun\u00e7\u00e3o equivalente aos cilindros de oxig\u00eanio, por\u00e9m, n\u00e3o necessitam de recarga. Captam o ar atmosf\u00e9rico, concentram e encaminham aos pulm\u00f5es do usu\u00e1rio. Por ser port\u00e1til, o aparelho \u00e9 de f\u00e1cil instala\u00e7\u00e3o. \u201cConseguimos criar um novo servi\u00e7o para a popula\u00e7\u00e3o, dedicado para o atendimento p\u00f3s interna\u00e7\u00e3o COVID-19 abrangendo todo o territ\u00f3rio de Jundia\u00ed, a partir de servi\u00e7os que j\u00e1 existiam na cidade, requalificando e oferendo o cuidado necess\u00e1rio \u00e0 popula\u00e7\u00e3o neste per\u00edodo de pandemia\u201d, detalha o prefeito Luiz Fernando Machado.<\/p>\n\n\n\n<p>A destina\u00e7\u00e3o dos aparelhos foi feita para as equipes que fazem o cuidado complementar \u00e0 popula\u00e7\u00e3o que passa por interna\u00e7\u00e3o na Unidade de Pronto Atendimento Vetor Oeste (UPA) em decorr\u00eancia da COVID-19. De acordo com o gerente do Servi\u00e7o de Atendimento Domiciliar \u2013 Melhor em Casa, Alexandre Rafael Gatti Santiago, o referenciamento da popula\u00e7\u00e3o para o cuidado \u00e9 feito conforme a regi\u00e3o \u00e0 qual a pessoa mora.<\/p>\n\n\n\n<figure class=\"wp-block-image size-large\"><img loading=\"lazy\" decoding=\"async\" width=\"1200\" height=\"800\" src=\"https:\/\/tvtecjundiai.com.br\/news\/wp-content\/uploads\/sites\/2\/2021\/04\/entrega-concentrador-de-oxigenio-93-1200x800.jpg\" alt=\"\" class=\"wp-image-74544\" srcset=\"https:\/\/tvtecjundiai.com.br\/news\/wp-content\/uploads\/sites\/2\/2021\/04\/entrega-concentrador-de-oxigenio-93-1200x800.jpg 1200w, https:\/\/tvtecjundiai.com.br\/news\/wp-content\/uploads\/sites\/2\/2021\/04\/entrega-concentrador-de-oxigenio-93-300x200.jpg 300w, https:\/\/tvtecjundiai.com.br\/news\/wp-content\/uploads\/sites\/2\/2021\/04\/entrega-concentrador-de-oxigenio-93-768x512.jpg 768w, https:\/\/tvtecjundiai.com.br\/news\/wp-content\/uploads\/sites\/2\/2021\/04\/entrega-concentrador-de-oxigenio-93.jpg 1280w\" sizes=\"auto, (max-width: 1200px) 100vw, 1200px\" \/><figcaption>Equipamento concentrador de oxig\u00eanio \u00e9 usado para atendimento de pessoas com agravos da COVID-19<\/figcaption><\/figure>\n\n\n\n<p>\u201cAs pessoas que moram na regi\u00e3o no Vetor Oeste, por exemplo, ao ter alta e n\u00e3o precisar de oxigenioterapia, s\u00e3o acompanhadas pela equipe da Cl\u00ednica da Fam\u00edlia Vetor Oeste, que realizam visitas e telemonitoramento. Caso essas pessoas venham a agravar e necessitar de suporte ventilat\u00f3rio, os concentradores s\u00e3o acionados pelas equipes. O mesmo acontece com as demais regi\u00f5es da cidade, que contam com t\u00e9cnicos a equipe Melhor em Casa para o monitoramento\u201d, argumenta.<\/p>\n\n\n\n<p>A destina\u00e7\u00e3o para Jundia\u00ed contou com o apoio do vereador Rog\u00e9rio da Silva e da deputada Damaris Moura.<\/p>\n\n\n\n<p><em>(Texto\/Imagem: Prefeitura de Jundia\u00ed)<\/em><\/p>\n","protected":false},"excerpt":{"rendered":"<p>Equipamento concentrador de oxig\u00eanio \u00e9 usado para atendimento de pessoas com agravos da COVID-19<\/p>\n","protected":false},"author":9,"featured_media":74544,"comment_status":"closed","ping_status":"closed","sticky":false,"template":"","format":"standard","meta":{"footnotes":""},"categories":[8356,1],"tags":[],"class_list":["post-74543","post","type-post","status-publish","format-standard","has-post-thumbnail","hentry","category-jundiai","category-noticias"],"_links":{"self":[{"href":"https:\/\/tvtecjundiai.com.br\/news\/wp-json\/wp\/v2\/posts\/74543","targetHints":{"allow":["GET"]}}],"collection":[{"href":"https:\/\/tvtecjundiai.com.br\/news\/wp-json\/wp\/v2\/posts"}],"about":[{"href":"https:\/\/tvtecjundiai.com.br\/news\/wp-json\/wp\/v2\/types\/post"}],"author":[{"embeddable":true,"href":"https:\/\/tvtecjundiai.com.br\/news\/wp-json\/wp\/v2\/users\/9"}],"replies":[{"embeddable":true,"href":"https:\/\/tvtecjundiai.com.br\/news\/wp-json\/wp\/v2\/comments?post=74543"}],"version-history":[{"count":2,"href":"https:\/\/tvtecjundiai.com.br\/news\/wp-json\/wp\/v2\/posts\/74543\/revisions"}],"predecessor-version":[{"id":74557,"href":"https:\/\/tvtecjundiai.com.br\/news\/wp-json\/wp\/v2\/posts\/74543\/revisions\/74557"}],"wp:featuredmedia":[{"embeddable":true,"href":"https:\/\/tvtecjundiai.com.br\/news\/wp-json\/wp\/v2\/media\/74544"}],"wp:attachment":[{"href":"https:\/\/tvtecjundiai.com.br\/news\/wp-json\/wp\/v2\/media?parent=74543"}],"wp:term":[{"taxonomy":"category","embeddable":true,"href":"https:\/\/tvtecjundiai.com.br\/news\/wp-json\/wp\/v2\/categories?post=74543"},{"taxonomy":"post_tag","embeddable":true,"href":"https:\/\/tvtecjundiai.com.br\/news\/wp-json\/wp\/v2\/tags?post=74543"}],"curies":[{"name":"wp","href":"https:\/\/api.w.org\/{rel}","templated":true}]}}