{"id":74546,"date":"2021-04-23T16:56:55","date_gmt":"2021-04-23T19:56:55","guid":{"rendered":"https:\/\/tvtecjundiai.com.br\/news\/?p=74546"},"modified":"2021-04-23T16:56:55","modified_gmt":"2021-04-23T19:56:55","slug":"acervo-adquirido-para-a-pinacoteca-pode-ser-consultado-em-video-e-foto","status":"publish","type":"post","link":"https:\/\/tvtecjundiai.com.br\/news\/2021\/04\/23\/acervo-adquirido-para-a-pinacoteca-pode-ser-consultado-em-video-e-foto\/","title":{"rendered":"Acervo adquirido para a Pinacoteca pode ser consultado em v\u00eddeo e foto"},"content":{"rendered":"\n<p>Al\u00e9m da exposi\u00e7\u00e3o de fotos com as obras adquiridas pela lei de Emerg\u00eancia Cultural Aldir Blanc, quem visitar o site da Unidade de Gest\u00e3o de Cultura (UGC) tamb\u00e9m poder\u00e1 assistir aos v\u00eddeos da exposi\u00e7\u00e3o montada com as obras na Pinacoteca Municipal Di\u00f3genes Duarte Paes.<\/p>\n\n\n\n<p>Segundo o gestor da UGC, Marcelo Peroni, a proposta \u00e9 permitir que o visitante acesse os equipamentos culturais enquanto estiverem fechados para visita por conta da pandemia. \u201cA ida a uma exposi\u00e7\u00e3o \u00e9 uma experi\u00eancia transformadora. Esperamos que estes v\u00eddeos, ainda que de forma mediada, possibilitem esta experi\u00eancia no visitante, que conseguir\u00e1 tamb\u00e9m prestigiar o trabalho dos artistas da cidade\u201d.<\/p>\n\n\n\n<p>S\u00f3 para o acervo permanente da Pinacoteca foram adquiridas mais de cem obras, entre quadros, fotos e esculturas, de mais de quarenta artistas diferentes. S\u00f3 para esta categoria dos editais lan\u00e7ados pela Prefeitura, foram investidos R$ 235 mil.<\/p>\n\n\n\n<figure class=\"wp-block-image size-large\"><img loading=\"lazy\" decoding=\"async\" width=\"1200\" height=\"800\" src=\"https:\/\/tvtecjundiai.com.br\/news\/wp-content\/uploads\/sites\/2\/2021\/04\/exposicao-pinacoteca-aldir-blanc_c_-36-1200x800-1.jpg\" alt=\"\" class=\"wp-image-74547\" srcset=\"https:\/\/tvtecjundiai.com.br\/news\/wp-content\/uploads\/sites\/2\/2021\/04\/exposicao-pinacoteca-aldir-blanc_c_-36-1200x800-1.jpg 1200w, https:\/\/tvtecjundiai.com.br\/news\/wp-content\/uploads\/sites\/2\/2021\/04\/exposicao-pinacoteca-aldir-blanc_c_-36-1200x800-1-300x200.jpg 300w, https:\/\/tvtecjundiai.com.br\/news\/wp-content\/uploads\/sites\/2\/2021\/04\/exposicao-pinacoteca-aldir-blanc_c_-36-1200x800-1-768x512.jpg 768w\" sizes=\"auto, (max-width: 1200px) 100vw, 1200px\" \/><\/figure>\n\n\n\n<p>No total, foram lan\u00e7ados pela Prefeitura quatro editais para premia\u00e7\u00e3o, com investimento total de R$ 1,8 milh\u00e3o e 480 diferentes propostas beneficiadas, entre v\u00eddeos, podcasts, e-books e propostas formativas.<\/p>\n\n\n\n<p>Todo o conte\u00fado cultural adquirido pelos editais da Lei Aldir Blanc pode ser consultado no site da Cultura, assim como outras playlists, como o #FiqueemCasa da Cultura, os programas do \u00d3 L\u00e1 de Casa!, Quarentena de Hist\u00f3rias e as oficinas culturais.<\/p>\n\n\n\n<p><em>(Texto\/Imagem: Prefeitura de Jundia\u00ed)<\/em><\/p>\n","protected":false},"excerpt":{"rendered":"<p>S\u00f3 para o acervo permanente da Pinacoteca foram adquiridas mais de cem obras<\/p>\n","protected":false},"author":9,"featured_media":74547,"comment_status":"closed","ping_status":"closed","sticky":false,"template":"","format":"standard","meta":{"footnotes":""},"categories":[8356,1],"tags":[],"class_list":["post-74546","post","type-post","status-publish","format-standard","has-post-thumbnail","hentry","category-jundiai","category-noticias"],"_links":{"self":[{"href":"https:\/\/tvtecjundiai.com.br\/news\/wp-json\/wp\/v2\/posts\/74546","targetHints":{"allow":["GET"]}}],"collection":[{"href":"https:\/\/tvtecjundiai.com.br\/news\/wp-json\/wp\/v2\/posts"}],"about":[{"href":"https:\/\/tvtecjundiai.com.br\/news\/wp-json\/wp\/v2\/types\/post"}],"author":[{"embeddable":true,"href":"https:\/\/tvtecjundiai.com.br\/news\/wp-json\/wp\/v2\/users\/9"}],"replies":[{"embeddable":true,"href":"https:\/\/tvtecjundiai.com.br\/news\/wp-json\/wp\/v2\/comments?post=74546"}],"version-history":[{"count":1,"href":"https:\/\/tvtecjundiai.com.br\/news\/wp-json\/wp\/v2\/posts\/74546\/revisions"}],"predecessor-version":[{"id":74548,"href":"https:\/\/tvtecjundiai.com.br\/news\/wp-json\/wp\/v2\/posts\/74546\/revisions\/74548"}],"wp:featuredmedia":[{"embeddable":true,"href":"https:\/\/tvtecjundiai.com.br\/news\/wp-json\/wp\/v2\/media\/74547"}],"wp:attachment":[{"href":"https:\/\/tvtecjundiai.com.br\/news\/wp-json\/wp\/v2\/media?parent=74546"}],"wp:term":[{"taxonomy":"category","embeddable":true,"href":"https:\/\/tvtecjundiai.com.br\/news\/wp-json\/wp\/v2\/categories?post=74546"},{"taxonomy":"post_tag","embeddable":true,"href":"https:\/\/tvtecjundiai.com.br\/news\/wp-json\/wp\/v2\/tags?post=74546"}],"curies":[{"name":"wp","href":"https:\/\/api.w.org\/{rel}","templated":true}]}}