{"id":74549,"date":"2021-04-23T17:05:24","date_gmt":"2021-04-23T20:05:24","guid":{"rendered":"https:\/\/tvtecjundiai.com.br\/news\/?p=74549"},"modified":"2021-04-23T17:05:24","modified_gmt":"2021-04-23T20:05:24","slug":"jundiai-tem-130-novos-casos-e-oito-obitos-por-covid-19-nesta-sexta-feira-23","status":"publish","type":"post","link":"https:\/\/tvtecjundiai.com.br\/news\/2021\/04\/23\/jundiai-tem-130-novos-casos-e-oito-obitos-por-covid-19-nesta-sexta-feira-23\/","title":{"rendered":"Jundia\u00ed tem 130 novos casos e oito \u00f3bitos por COVID-19 nesta sexta-feira (23)"},"content":{"rendered":"\n<p>A Prefeitura de Jundia\u00ed informa que, nesta sexta-feira (23), oito \u00f3bitos foram contabilizados de residentes na cidade causados pelo Novo Coronav\u00edrus.<\/p>\n\n\n\n<p>Homem, 84 anos, portador de neoplasia renal, doen\u00e7a cardiovascular e pneumopatia cr\u00f4nicas. Internou 12\/04 e faleceu 22\/04 em hospital privado da cidade.<\/p>\n\n\n\n<p>Homem, 61 anos, portador de doen\u00e7a cardiovascular cr\u00f4nica e obesidade. Internou 26\/03 e&nbsp; faleceu 22\/04 no hospital S\u00e3o Vicente.<\/p>\n\n\n\n<p>Mulher, 78 anos, asm\u00e1tica. Internou 02\/04 e faleceu 22\/04 em hospital privado da cidade.<\/p>\n\n\n\n<p>Homem, 61 anos, portador de doen\u00e7a cardiovascular cr\u00f4nica, diabetes&nbsp; e imunodefici\u00eancia. Internou 26\/03 e faleceu 22\/04 no hospital S\u00e3o Vicente.<\/p>\n\n\n\n<p>Homem, 30 anos, sem comorbidades registradas. Internou 15\/04 e&nbsp; faleceu 22\/04 no hospital S\u00e3o Vicente.<\/p>\n\n\n\n<p>Mulher, 68 anos, portadora de doen\u00e7a cardiovascular cr\u00f4nica e neoplasia. Internou 17\/03 e faleceu 22\/04 em hospital privado da cidade.<\/p>\n\n\n\n<p>Homem, 88 anos, sem comorbidades registradas. Internou 08\/04 e faleceu 22\/04 em hospital privado da cidade.<\/p>\n\n\n\n<figure class=\"wp-block-image size-large\"><img loading=\"lazy\" decoding=\"async\" width=\"960\" height=\"960\" src=\"https:\/\/tvtecjundiai.com.br\/news\/wp-content\/uploads\/sites\/2\/2021\/04\/slide1-15-960x960.png\" alt=\"\" class=\"wp-image-74550\" srcset=\"https:\/\/tvtecjundiai.com.br\/news\/wp-content\/uploads\/sites\/2\/2021\/04\/slide1-15-960x960.png 960w, https:\/\/tvtecjundiai.com.br\/news\/wp-content\/uploads\/sites\/2\/2021\/04\/slide1-15-300x300.png 300w, https:\/\/tvtecjundiai.com.br\/news\/wp-content\/uploads\/sites\/2\/2021\/04\/slide1-15-100x100.png 100w, https:\/\/tvtecjundiai.com.br\/news\/wp-content\/uploads\/sites\/2\/2021\/04\/slide1-15-768x768.png 768w, https:\/\/tvtecjundiai.com.br\/news\/wp-content\/uploads\/sites\/2\/2021\/04\/slide1-15.png 1280w\" sizes=\"auto, (max-width: 960px) 100vw, 960px\" \/><\/figure>\n\n\n\n<figure class=\"wp-block-image size-large\"><img loading=\"lazy\" decoding=\"async\" width=\"960\" height=\"960\" src=\"https:\/\/tvtecjundiai.com.br\/news\/wp-content\/uploads\/sites\/2\/2021\/04\/slide2-15-960x960.png\" alt=\"\" class=\"wp-image-74551\" srcset=\"https:\/\/tvtecjundiai.com.br\/news\/wp-content\/uploads\/sites\/2\/2021\/04\/slide2-15-960x960.png 960w, https:\/\/tvtecjundiai.com.br\/news\/wp-content\/uploads\/sites\/2\/2021\/04\/slide2-15-300x300.png 300w, https:\/\/tvtecjundiai.com.br\/news\/wp-content\/uploads\/sites\/2\/2021\/04\/slide2-15-100x100.png 100w, https:\/\/tvtecjundiai.com.br\/news\/wp-content\/uploads\/sites\/2\/2021\/04\/slide2-15-768x768.png 768w, https:\/\/tvtecjundiai.com.br\/news\/wp-content\/uploads\/sites\/2\/2021\/04\/slide2-15.png 1280w\" sizes=\"auto, (max-width: 960px) 100vw, 960px\" \/><\/figure>\n\n\n\n<p><em>(Texto\/Imagem: Prefeitura de Jundia\u00ed)<\/em><\/p>\n","protected":false},"excerpt":{"rendered":"<p>A cidade conta agora com 1.014 \u00f3bitos pela doen\u00e7a desde o in\u00edcio da pandemia<\/p>\n","protected":false},"author":9,"featured_media":59023,"comment_status":"closed","ping_status":"closed","sticky":false,"template":"","format":"standard","meta":{"footnotes":""},"categories":[8356,1],"tags":[],"class_list":["post-74549","post","type-post","status-publish","format-standard","has-post-thumbnail","hentry","category-jundiai","category-noticias"],"_links":{"self":[{"href":"https:\/\/tvtecjundiai.com.br\/news\/wp-json\/wp\/v2\/posts\/74549","targetHints":{"allow":["GET"]}}],"collection":[{"href":"https:\/\/tvtecjundiai.com.br\/news\/wp-json\/wp\/v2\/posts"}],"about":[{"href":"https:\/\/tvtecjundiai.com.br\/news\/wp-json\/wp\/v2\/types\/post"}],"author":[{"embeddable":true,"href":"https:\/\/tvtecjundiai.com.br\/news\/wp-json\/wp\/v2\/users\/9"}],"replies":[{"embeddable":true,"href":"https:\/\/tvtecjundiai.com.br\/news\/wp-json\/wp\/v2\/comments?post=74549"}],"version-history":[{"count":1,"href":"https:\/\/tvtecjundiai.com.br\/news\/wp-json\/wp\/v2\/posts\/74549\/revisions"}],"predecessor-version":[{"id":74552,"href":"https:\/\/tvtecjundiai.com.br\/news\/wp-json\/wp\/v2\/posts\/74549\/revisions\/74552"}],"wp:featuredmedia":[{"embeddable":true,"href":"https:\/\/tvtecjundiai.com.br\/news\/wp-json\/wp\/v2\/media\/59023"}],"wp:attachment":[{"href":"https:\/\/tvtecjundiai.com.br\/news\/wp-json\/wp\/v2\/media?parent=74549"}],"wp:term":[{"taxonomy":"category","embeddable":true,"href":"https:\/\/tvtecjundiai.com.br\/news\/wp-json\/wp\/v2\/categories?post=74549"},{"taxonomy":"post_tag","embeddable":true,"href":"https:\/\/tvtecjundiai.com.br\/news\/wp-json\/wp\/v2\/tags?post=74549"}],"curies":[{"name":"wp","href":"https:\/\/api.w.org\/{rel}","templated":true}]}}