{"id":74553,"date":"2021-04-23T17:09:50","date_gmt":"2021-04-23T20:09:50","guid":{"rendered":"https:\/\/tvtecjundiai.com.br\/news\/?p=74553"},"modified":"2021-04-23T17:26:21","modified_gmt":"2021-04-23T20:26:21","slug":"em-um-mes-upa-vetor-oeste-soma-mais-de-60-internacoes-para-pacientes-com-covid-19-1","status":"publish","type":"post","link":"https:\/\/tvtecjundiai.com.br\/news\/2021\/04\/23\/em-um-mes-upa-vetor-oeste-soma-mais-de-60-internacoes-para-pacientes-com-covid-19-1\/","title":{"rendered":"Em um m\u00eas, UPA Vetor Oeste soma mais de 60 interna\u00e7\u00f5es de pacientes com COVID-19"},"content":{"rendered":"\n<p>A Unidade de Pronto Atendimento (UPA) Vetor Oeste completa um m\u00eas de opera\u00e7\u00e3o com leitos de interna\u00e7\u00e3o para pacientes com COVID-19. Ao todo, pelos 14 leitos passaram 63 pessoas com necessidade de cuidado hospitalar para o combate \u00e0 infec\u00e7\u00e3o causada pelo Novo Coronav\u00edrus. O equipamento tem sido essencial para oferecer atendimento descentralizado e com a mesma qualidade de servi\u00e7o prestado pelo Hospital S\u00e3o Vicente de Paulo (HSV), refer\u00eancia em alta complexidade para o atendimento em Jundia\u00ed e regi\u00e3o.<\/p>\n\n\n\n<p>\u201cQuando o complexo Cl\u00ednica da Fam\u00edlia\/UPA foi inaugurado, em dezembro de 2018, os 14 leitos j\u00e1 existiam, com a funcionalidade de leito-dia. Com o agravo da segunda onda da pandemia, o equipamento foi adequado para a finalidade que a regi\u00e3o precisava, com todo o suporte necess\u00e1rio e qualidade no atendimento\u201d, explica o prefeito Luiz Fernando Machado.<\/p>\n\n\n\n<figure class=\"wp-block-image size-large\"><img loading=\"lazy\" decoding=\"async\" width=\"1200\" height=\"800\" src=\"https:\/\/tvtecjundiai.com.br\/news\/wp-content\/uploads\/sites\/2\/2021\/04\/upa5-1200x800.jpg\" alt=\"\" class=\"wp-image-74554\" srcset=\"https:\/\/tvtecjundiai.com.br\/news\/wp-content\/uploads\/sites\/2\/2021\/04\/upa5-1200x800.jpg 1200w, https:\/\/tvtecjundiai.com.br\/news\/wp-content\/uploads\/sites\/2\/2021\/04\/upa5-300x200.jpg 300w, https:\/\/tvtecjundiai.com.br\/news\/wp-content\/uploads\/sites\/2\/2021\/04\/upa5-768x512.jpg 768w, https:\/\/tvtecjundiai.com.br\/news\/wp-content\/uploads\/sites\/2\/2021\/04\/upa5.jpg 1280w\" sizes=\"auto, (max-width: 1200px) 100vw, 1200px\" \/><figcaption>UPA Vetor Oeste adequou espa\u00e7os para a interna\u00e7\u00e3o de pacientes COVID-19; complexo conta com triagem de Unidade Sentinela espec\u00edfica<\/figcaption><\/figure>\n\n\n\n<p>Nesta sexta-feira (23), permanecem internados na UPA sete pessoas moradoras em Jundia\u00ed. No entanto, entre os 30 dias anteriores, passaram 29 pessoas em alta, 22 que tiveram a necessidade de transfer\u00eancia para o HSV e quatro foram a \u00f3bito.<\/p>\n\n\n\n<p>Para o gestor da Unidade de Gest\u00e3o de Promo\u00e7\u00e3o da Sa\u00fade (UGPS) Tiago Texera, a estrutura montada com Unidade Sentinela e leito de interna\u00e7\u00e3o no mesmo complexo, garantiu atendimento r\u00e1pido \u00e0 regi\u00e3o que vivenciou grande n\u00famero de casos nesta segunda onda da pandemia. \u201cAl\u00e9m de ofertar todo o atendimento necess\u00e1rio para a COVID-19, \u00e9 essencial destacar que a UPA Vetor Oeste manteve o atendimento \u00e0s urg\u00eancias e emerg\u00eancias da regi\u00e3o\u201d, comenta.<\/p>\n\n\n\n<p><em>(Texto\/Imagem: Prefeitura de Jundia\u00ed)<\/em><\/p>\n","protected":false},"excerpt":{"rendered":"<p>Local tem sido essencial para oferecer atendimento descentralizado<\/p>\n","protected":false},"author":9,"featured_media":74554,"comment_status":"closed","ping_status":"closed","sticky":false,"template":"","format":"standard","meta":{"footnotes":""},"categories":[8356,1],"tags":[],"class_list":["post-74553","post","type-post","status-publish","format-standard","has-post-thumbnail","hentry","category-jundiai","category-noticias"],"_links":{"self":[{"href":"https:\/\/tvtecjundiai.com.br\/news\/wp-json\/wp\/v2\/posts\/74553","targetHints":{"allow":["GET"]}}],"collection":[{"href":"https:\/\/tvtecjundiai.com.br\/news\/wp-json\/wp\/v2\/posts"}],"about":[{"href":"https:\/\/tvtecjundiai.com.br\/news\/wp-json\/wp\/v2\/types\/post"}],"author":[{"embeddable":true,"href":"https:\/\/tvtecjundiai.com.br\/news\/wp-json\/wp\/v2\/users\/9"}],"replies":[{"embeddable":true,"href":"https:\/\/tvtecjundiai.com.br\/news\/wp-json\/wp\/v2\/comments?post=74553"}],"version-history":[{"count":2,"href":"https:\/\/tvtecjundiai.com.br\/news\/wp-json\/wp\/v2\/posts\/74553\/revisions"}],"predecessor-version":[{"id":74564,"href":"https:\/\/tvtecjundiai.com.br\/news\/wp-json\/wp\/v2\/posts\/74553\/revisions\/74564"}],"wp:featuredmedia":[{"embeddable":true,"href":"https:\/\/tvtecjundiai.com.br\/news\/wp-json\/wp\/v2\/media\/74554"}],"wp:attachment":[{"href":"https:\/\/tvtecjundiai.com.br\/news\/wp-json\/wp\/v2\/media?parent=74553"}],"wp:term":[{"taxonomy":"category","embeddable":true,"href":"https:\/\/tvtecjundiai.com.br\/news\/wp-json\/wp\/v2\/categories?post=74553"},{"taxonomy":"post_tag","embeddable":true,"href":"https:\/\/tvtecjundiai.com.br\/news\/wp-json\/wp\/v2\/tags?post=74553"}],"curies":[{"name":"wp","href":"https:\/\/api.w.org\/{rel}","templated":true}]}}