{"id":74582,"date":"2021-04-24T16:14:36","date_gmt":"2021-04-24T19:14:36","guid":{"rendered":"https:\/\/tvtecjundiai.com.br\/news\/?p=74582"},"modified":"2021-04-24T16:14:36","modified_gmt":"2021-04-24T19:14:36","slug":"parques-municipais-de-jundiai-reabrem-para-atividades-fisicas-individuais","status":"publish","type":"post","link":"https:\/\/tvtecjundiai.com.br\/news\/2021\/04\/24\/parques-municipais-de-jundiai-reabrem-para-atividades-fisicas-individuais\/","title":{"rendered":"Parques municipais de Jundia\u00ed reabrem para atividades f\u00edsicas individuais"},"content":{"rendered":"\n<p>Rodrigo Barbosa, morador da Vila Lacerda, aproveitou a manh\u00e3 de s\u00e1bado de sol e a reabertura dos parques em Jundia\u00ed para aproveitar a natureza do Jardim Bot\u00e2nico. \u201cMoro aqui perto e aproveitei para caminhar um pouco pelo espa\u00e7o e ao ar livre. Estou respeitando todas as orienta\u00e7\u00f5es desde o in\u00edcio e estava com saudade de poder andar por aqui\u201d, comentou.<\/p>\n\n\n\n<p>O Jardim Bot\u00e2nico, assim como os parques Bot\u00e2nico Eloy Chaves, \u00c2ngelo Costa (Engordadouro), Ant\u00f4nio Garcia Machado (Jardim do Lago) e Parque da Cidade voltaram a funcionar neste s\u00e1bado (24), com hor\u00e1rio reduzido das 7h \u00e0s 16h para entrada dos usu\u00e1rios e fechamento at\u00e9 as 17h, de segunda-feira a domingo e restri\u00e7\u00f5es no uso.<\/p>\n\n\n\n<figure class=\"wp-block-image\"><img decoding=\"async\" src=\"https:\/\/jundiai.sp.gov.br\/noticias\/wp-content\/uploads\/sites\/32\/2021\/04\/reabertura-parque-89.jpg\" alt=\"imagem mostra homem caminhando em parque\" class=\"wp-image-266600\" \/><\/figure>\n\n\n\n<p>Os parques e equipamentos p\u00fablicos podem ser utilizados para atividades f\u00edsicas individuais de corrida, caminhada e ciclismo em \u00e1reas ao ar livre, pistas de corrida e ciclovias, observados os protocolos sanit\u00e1rios e os hor\u00e1rios de funcionamento estabelecidos.<\/p>\n\n\n\n<p><em>(Texto\/Imagem: Prefeitura de Jundia\u00ed)<\/em><\/p>\n","protected":false},"excerpt":{"rendered":"<p>Com hor\u00e1rio reduzido das 7h \u00e0s 16h para entrada dos usu\u00e1rios e fechamento at\u00e9 as 17h<\/p>\n","protected":false},"author":24,"featured_media":74583,"comment_status":"closed","ping_status":"closed","sticky":false,"template":"","format":"standard","meta":{"footnotes":""},"categories":[1],"tags":[],"class_list":["post-74582","post","type-post","status-publish","format-standard","has-post-thumbnail","hentry","category-noticias"],"_links":{"self":[{"href":"https:\/\/tvtecjundiai.com.br\/news\/wp-json\/wp\/v2\/posts\/74582","targetHints":{"allow":["GET"]}}],"collection":[{"href":"https:\/\/tvtecjundiai.com.br\/news\/wp-json\/wp\/v2\/posts"}],"about":[{"href":"https:\/\/tvtecjundiai.com.br\/news\/wp-json\/wp\/v2\/types\/post"}],"author":[{"embeddable":true,"href":"https:\/\/tvtecjundiai.com.br\/news\/wp-json\/wp\/v2\/users\/24"}],"replies":[{"embeddable":true,"href":"https:\/\/tvtecjundiai.com.br\/news\/wp-json\/wp\/v2\/comments?post=74582"}],"version-history":[{"count":1,"href":"https:\/\/tvtecjundiai.com.br\/news\/wp-json\/wp\/v2\/posts\/74582\/revisions"}],"predecessor-version":[{"id":74584,"href":"https:\/\/tvtecjundiai.com.br\/news\/wp-json\/wp\/v2\/posts\/74582\/revisions\/74584"}],"wp:featuredmedia":[{"embeddable":true,"href":"https:\/\/tvtecjundiai.com.br\/news\/wp-json\/wp\/v2\/media\/74583"}],"wp:attachment":[{"href":"https:\/\/tvtecjundiai.com.br\/news\/wp-json\/wp\/v2\/media?parent=74582"}],"wp:term":[{"taxonomy":"category","embeddable":true,"href":"https:\/\/tvtecjundiai.com.br\/news\/wp-json\/wp\/v2\/categories?post=74582"},{"taxonomy":"post_tag","embeddable":true,"href":"https:\/\/tvtecjundiai.com.br\/news\/wp-json\/wp\/v2\/tags?post=74582"}],"curies":[{"name":"wp","href":"https:\/\/api.w.org\/{rel}","templated":true}]}}