{"id":74585,"date":"2021-04-24T16:23:19","date_gmt":"2021-04-24T19:23:19","guid":{"rendered":"https:\/\/tvtecjundiai.com.br\/news\/?p=74585"},"modified":"2021-04-24T16:40:04","modified_gmt":"2021-04-24T19:40:04","slug":"profissionais-de-saude-sao-vacinados-contra-a-gripe-em-jundiai","status":"publish","type":"post","link":"https:\/\/tvtecjundiai.com.br\/news\/2021\/04\/24\/profissionais-de-saude-sao-vacinados-contra-a-gripe-em-jundiai\/","title":{"rendered":"Profissionais da sa\u00fade s\u00e3o vacinados contra a gripe em Jundia\u00ed"},"content":{"rendered":"\n<p>Com o objetivo de facilitar o acesso e agilizar o atendimento, a Prefeitura de Jundia\u00ed, por meio da Unidade de Gest\u00e3o de Promo\u00e7\u00e3o da Sa\u00fade (UGPS), realizou, na manh\u00e3 de s\u00e1bado (24), a vacina\u00e7\u00e3o de profissionais de sa\u00fade contra a gripe (Influenza) na Nova UBS do Jardim do Lago e na unidade do Eloy Chaves.<\/p>\n\n\n\n<p>A enfermeira L\u00eddia da Silva atua em uma escola e aproveitou a a\u00e7\u00e3o da UGPS para tomar a vacina na Nova UBS do Jardim do Lago. \u201cA vacina\u00e7\u00e3o \u00e9 de suma import\u00e2ncia n\u00e3o s\u00f3 para mim, como tamb\u00e9m para proteger as crian\u00e7as da escola onde trabalho e as pessoas ao meu redor\u201d, contou.<\/p>\n\n\n\n<figure class=\"wp-block-image\"><img decoding=\"async\" src=\"https:\/\/jundiai.sp.gov.br\/noticias\/wp-content\/uploads\/sites\/32\/2021\/04\/vacina-influenza-profissionais-da-saude_ubs-jardim-do-lago-65.jpg\" alt=\"imagem mostra enfermeira aplicando vacina\" class=\"wp-image-266605\" \/><\/figure>\n\n\n\n<p>Ao longo da pr\u00f3xima semana, a vacina\u00e7\u00e3o contra a influenza prossegue para pu\u00e9rperas, gestantes e crian\u00e7as entre seis meses e menores de seis anos. Para a imuniza\u00e7\u00e3o contra a gripe n\u00e3o \u00e9 necess\u00e1rio realizar o agendamento. O atendimento \u00e9 de segunda a sexta-feira, nas UBSs da cidade, exceto a Nova UBS Jardim do Lago (que atua como Unidade Sentinela), UBS Retiro e UBS Marlene\/Hortol\u00e2ndia. Nas UBSs Agapeama e Tamoio, a vacina\u00e7\u00e3o acontece das 8h \u00e0s 11h30 e das 13h \u00e0s 20h30, de segunda a sexta-feira. J\u00e1 nas UBSs com funcionamento das 8h \u00e0s 17h30, o atendimento \u00e9 das 8h \u00e0s 11h30 e das 13h \u00e0s 16h30.<\/p>\n\n\n\n<p><em>(Texto\/Imagem: Prefeitura de Jundia\u00ed)<\/em><\/p>\n","protected":false},"excerpt":{"rendered":"<p> Para a imuniza\u00e7\u00e3o contra a gripe n\u00e3o \u00e9 necess\u00e1rio realizar o agendamento<\/p>\n","protected":false},"author":24,"featured_media":74586,"comment_status":"closed","ping_status":"closed","sticky":false,"template":"","format":"standard","meta":{"footnotes":""},"categories":[1],"tags":[],"class_list":["post-74585","post","type-post","status-publish","format-standard","has-post-thumbnail","hentry","category-noticias"],"_links":{"self":[{"href":"https:\/\/tvtecjundiai.com.br\/news\/wp-json\/wp\/v2\/posts\/74585","targetHints":{"allow":["GET"]}}],"collection":[{"href":"https:\/\/tvtecjundiai.com.br\/news\/wp-json\/wp\/v2\/posts"}],"about":[{"href":"https:\/\/tvtecjundiai.com.br\/news\/wp-json\/wp\/v2\/types\/post"}],"author":[{"embeddable":true,"href":"https:\/\/tvtecjundiai.com.br\/news\/wp-json\/wp\/v2\/users\/24"}],"replies":[{"embeddable":true,"href":"https:\/\/tvtecjundiai.com.br\/news\/wp-json\/wp\/v2\/comments?post=74585"}],"version-history":[{"count":2,"href":"https:\/\/tvtecjundiai.com.br\/news\/wp-json\/wp\/v2\/posts\/74585\/revisions"}],"predecessor-version":[{"id":74591,"href":"https:\/\/tvtecjundiai.com.br\/news\/wp-json\/wp\/v2\/posts\/74585\/revisions\/74591"}],"wp:featuredmedia":[{"embeddable":true,"href":"https:\/\/tvtecjundiai.com.br\/news\/wp-json\/wp\/v2\/media\/74586"}],"wp:attachment":[{"href":"https:\/\/tvtecjundiai.com.br\/news\/wp-json\/wp\/v2\/media?parent=74585"}],"wp:term":[{"taxonomy":"category","embeddable":true,"href":"https:\/\/tvtecjundiai.com.br\/news\/wp-json\/wp\/v2\/categories?post=74585"},{"taxonomy":"post_tag","embeddable":true,"href":"https:\/\/tvtecjundiai.com.br\/news\/wp-json\/wp\/v2\/tags?post=74585"}],"curies":[{"name":"wp","href":"https:\/\/api.w.org\/{rel}","templated":true}]}}