{"id":74588,"date":"2021-04-24T16:25:37","date_gmt":"2021-04-24T19:25:37","guid":{"rendered":"https:\/\/tvtecjundiai.com.br\/news\/?p=74588"},"modified":"2021-04-24T16:25:37","modified_gmt":"2021-04-24T19:25:37","slug":"vacinacao-contra-covid-19-e-realizada-em-jundiai-neste-sabado-24","status":"publish","type":"post","link":"https:\/\/tvtecjundiai.com.br\/news\/2021\/04\/24\/vacinacao-contra-covid-19-e-realizada-em-jundiai-neste-sabado-24\/","title":{"rendered":"Vacina\u00e7\u00e3o contra COVID-19 \u00e9 realizada em Jundia\u00ed neste s\u00e1bado (24)"},"content":{"rendered":"\n<p>Durante o s\u00e1bado (24), a Prefeitura de Jundia\u00ed, por meio da Unidade de Gest\u00e3o de Promo\u00e7\u00e3o da Sa\u00fade (UGPS), promoveu a vacina\u00e7\u00e3o contra a COVID-19 em diversos postos, com aplica\u00e7\u00e3o de primeira dose para idosos a partir de 64 anos e da segunda dose para as pessoas a partir de 69 anos, que tomaram a D1 no dia 31\/03.<\/p>\n\n\n\n<p>Na UBS Caxambu, a emo\u00e7\u00e3o tomou conta da idosa Maria Jos\u00e9 Callegare ao falar sobre a vacina\u00e7\u00e3o. \u201cSou hipertensa desde os 29 anos, esperei muito por esse dia e sou muito grata pela ci\u00eancia ter desenvolvido esse imunizante\u201d, relatou aliviada.<\/p>\n\n\n\n<figure class=\"wp-block-image\"><img decoding=\"async\" src=\"https:\/\/jundiai.sp.gov.br\/noticias\/wp-content\/uploads\/sites\/32\/2021\/04\/vacina-covid-polo-ubs-caxambu-49.jpg\" alt=\"imagem mostra mulher, com blusa branca, m\u00e1scara preta, mostrando o cart\u00e3o de vacina\u00e7\u00e3o\" class=\"wp-image-266608\" \/><\/figure>\n\n\n\n<p>\u201cA vacina t\u00e3o esperada\u201d essa foi a frase que Roseli Negrini disse \u00e0 enfermeira quando recebeu a aplica\u00e7\u00e3o do imunizante, que ainda complementou elogiando a organiza\u00e7\u00e3o na UBS do Caxambu.<\/p>\n\n\n\n<p>Durante a pr\u00f3xima semana, a vacina\u00e7\u00e3o prossegue para a popula\u00e7\u00e3o que realizou o agendamento pr\u00e9vio nos canais digitais da prefeitura e segue o calend\u00e1rio que pode ser consultado no&nbsp;<a href=\"https:\/\/jundiai.sp.gov.br\/coronavirus\/vacinacao-covid-19\/\">site<\/a>.<\/p>\n\n\n\n<p>A enfermeira da Vigil\u00e2ncia Epidemiol\u00f3gica, Maria do Carmo Possidente, orienta que para agilizar o atendimento no ato da vacina\u00e7\u00e3o \u00e9 importante que as pessoas fa\u00e7am o cadastro pr\u00e9vio no site&nbsp;<a href=\"http:\/\/vacinaja.sp.gov.br\/\">Vacinaj\u00e1<\/a>&nbsp;do Governo do Estado de S\u00e3o Paulo. \u201cAl\u00e9m disso, lembramos que n\u00e3o \u00e9 preciso chegar antes do hor\u00e1rio agendado, a vacina est\u00e1 garantida, com isso evita-se as filas nos postos de vacina\u00e7\u00e3o\u201d, afirma.<\/p>\n\n\n\n<figure class=\"wp-block-image\"><img decoding=\"async\" src=\"https:\/\/jundiai.sp.gov.br\/noticias\/wp-content\/uploads\/sites\/32\/2021\/04\/vacina-covid-polo-ubs-caxambu-123.jpg\" alt=\"imagem mostra enfermeira aspirando a vacina de frasco e mostrando para idosa\" class=\"wp-image-266609\" \/><\/figure>\n\n\n\n<p><em>(Texto\/Imagem: Prefeitura de Jundia\u00ed)<\/em><\/p>\n","protected":false},"excerpt":{"rendered":"<p>Na pr\u00f3xima semana, a vacina\u00e7\u00e3o prossegue para a popula\u00e7\u00e3o que realizou o agendamento pr\u00e9vio nos canais digitais da prefeitura<\/p>\n","protected":false},"author":24,"featured_media":74589,"comment_status":"closed","ping_status":"closed","sticky":false,"template":"","format":"standard","meta":{"footnotes":""},"categories":[1],"tags":[],"class_list":["post-74588","post","type-post","status-publish","format-standard","has-post-thumbnail","hentry","category-noticias"],"_links":{"self":[{"href":"https:\/\/tvtecjundiai.com.br\/news\/wp-json\/wp\/v2\/posts\/74588","targetHints":{"allow":["GET"]}}],"collection":[{"href":"https:\/\/tvtecjundiai.com.br\/news\/wp-json\/wp\/v2\/posts"}],"about":[{"href":"https:\/\/tvtecjundiai.com.br\/news\/wp-json\/wp\/v2\/types\/post"}],"author":[{"embeddable":true,"href":"https:\/\/tvtecjundiai.com.br\/news\/wp-json\/wp\/v2\/users\/24"}],"replies":[{"embeddable":true,"href":"https:\/\/tvtecjundiai.com.br\/news\/wp-json\/wp\/v2\/comments?post=74588"}],"version-history":[{"count":1,"href":"https:\/\/tvtecjundiai.com.br\/news\/wp-json\/wp\/v2\/posts\/74588\/revisions"}],"predecessor-version":[{"id":74590,"href":"https:\/\/tvtecjundiai.com.br\/news\/wp-json\/wp\/v2\/posts\/74588\/revisions\/74590"}],"wp:featuredmedia":[{"embeddable":true,"href":"https:\/\/tvtecjundiai.com.br\/news\/wp-json\/wp\/v2\/media\/74589"}],"wp:attachment":[{"href":"https:\/\/tvtecjundiai.com.br\/news\/wp-json\/wp\/v2\/media?parent=74588"}],"wp:term":[{"taxonomy":"category","embeddable":true,"href":"https:\/\/tvtecjundiai.com.br\/news\/wp-json\/wp\/v2\/categories?post=74588"},{"taxonomy":"post_tag","embeddable":true,"href":"https:\/\/tvtecjundiai.com.br\/news\/wp-json\/wp\/v2\/tags?post=74588"}],"curies":[{"name":"wp","href":"https:\/\/api.w.org\/{rel}","templated":true}]}}